{"id":330385,"date":"2024-05-28T17:23:42","date_gmt":"2024-05-28T14:23:42","guid":{"rendered":"https:\/\/sana.sy\/es\/?p=330385"},"modified":"2024-05-28T20:24:43","modified_gmt":"2024-05-28T17:24:43","slug":"canciller-de-bolivia-expresa-indignacion-por-agresion-israeli-contra-desplazados-en-rafah","status":"publish","type":"post","link":"https:\/\/archive.sana.sy\/es\/?p=330385","title":{"rendered":"Canciller de Bolivia expresa \u201cindignaci\u00f3n\u201d por agresi\u00f3n israel\u00ed contra desplazados en Rafah"},"content":{"rendered":"<p style=\"text-align: justify\"><span style=\"color: #800000\"><strong>La Paz, 28 may (SANA)<\/strong><\/span> La ministra de Relaciones Exteriores de Bolivia, Celinda Sosa, exigi\u00f3 a las autoridades del ocupante israel\u00ed detener de inmediato la guerra de exterminio contra el pueblo palestino.<\/p>\n<p style=\"text-align: justify\">\u201cExpreso mi profunda indignaci\u00f3n por el ataque de Israel a un campamento de civiles refugiados en Rafah, que ha dejado decenas de fallecidos y varios heridos\u201d, afirm\u00f3, y calificando esta agresi\u00f3n de una \u201cgrave violaci\u00f3n\u201d al derecho internacional de los derechos humanos y al derecho humanitario.<\/p>\n<p style=\"text-align: justify\">La Canciller sosa destac\u00f3 la necesidad de encontrar una soluci\u00f3n justa y duradera que permita al pueblo palestino ejercer su derecho a la autodeterminaci\u00f3n, y reiter\u00f3 el apoyo inquebrantable de su pa\u00eds a la causa palestina.<\/p>\n<p style=\"text-align: justify\">la<\/p>\n","protected":false},"excerpt":{"rendered":"<p>La Paz, 28 may (SANA) La ministra de Relaciones Exteriores de Bolivia, Celinda Sosa, exigi\u00f3 a las autoridades del ocupante israel\u00ed detener de inmediato la guerra de exterminio contra el pueblo palestino. \u201cExpreso mi profunda indignaci\u00f3n por el ataque de Israel a un campamento de civiles refugiados en Rafah, que ha dejado decenas de fallecidos &hellip;<\/p>\n","protected":false},"author":24,"featured_media":330386,"comment_status":"closed","ping_status":"closed","sticky":false,"template":"","format":"standard","meta":{"footnotes":""},"categories":[597,456,20724,7541],"tags":[],"class_list":["post-330385","post","type-post","status-publish","format-standard","has-post-thumbnail","","category-cinta-de-noticias","category-arabe-internacional-politica","category-minuto-a-minuto","category-ultimas-noticias"],"_links":{"self":[{"href":"https:\/\/archive.sana.sy\/es\/index.php?rest_route=\/wp\/v2\/posts\/330385"}],"collection":[{"href":"https:\/\/archive.sana.sy\/es\/index.php?rest_route=\/wp\/v2\/posts"}],"about":[{"href":"https:\/\/archive.sana.sy\/es\/index.php?rest_route=\/wp\/v2\/types\/post"}],"author":[{"embeddable":true,"href":"https:\/\/archive.sana.sy\/es\/index.php?rest_route=\/wp\/v2\/users\/24"}],"replies":[{"embeddable":true,"href":"https:\/\/archive.sana.sy\/es\/index.php?rest_route=%2Fwp%2Fv2%2Fcomments&post=330385"}],"version-history":[{"count":1,"href":"https:\/\/archive.sana.sy\/es\/index.php?rest_route=\/wp\/v2\/posts\/330385\/revisions"}],"predecessor-version":[{"id":330387,"href":"https:\/\/archive.sana.sy\/es\/index.php?rest_route=\/wp\/v2\/posts\/330385\/revisions\/330387"}],"wp:featuredmedia":[{"embeddable":true,"href":"https:\/\/archive.sana.sy\/es\/index.php?rest_route=\/wp\/v2\/media\/330386"}],"wp:attachment":[{"href":"https:\/\/archive.sana.sy\/es\/index.php?rest_route=%2Fwp%2Fv2%2Fmedia&parent=330385"}],"wp:term":[{"taxonomy":"category","embeddable":true,"href":"https:\/\/archive.sana.sy\/es\/index.php?rest_route=%2Fwp%2Fv2%2Fcategories&post=330385"},{"taxonomy":"post_tag","embeddable":true,"href":"https:\/\/archive.sana.sy\/es\/index.php?rest_route=%2Fwp%2Fv2%2Ftags&post=330385"}],"curies":[{"name":"wp","href":"https:\/\/api.w.org\/{rel}","templated":true}]}}