{"id":330388,"date":"2024-05-29T10:14:31","date_gmt":"2024-05-29T07:14:31","guid":{"rendered":"https:\/\/sana.sy\/es\/?p=330388"},"modified":"2024-05-29T10:15:03","modified_gmt":"2024-05-29T07:15:03","slug":"argelia-presenta-otro-proyecto-de-resolucion-al-consejo-de-seguridad-para-exigir-que-israel-cese-su-agresion-contra-rafa","status":"publish","type":"post","link":"https:\/\/archive.sana.sy\/es\/?p=330388","title":{"rendered":"Argelia presenta otro proyecto de resoluci\u00f3n al Consejo de Seguridad para exigir que Israel cese su agresi\u00f3n contra Raf\u00e1"},"content":{"rendered":"<p style=\"text-align: justify;\"><span style=\"color: #800000;\"><strong>Nueva York, 29 may (SANA)<\/strong><\/span> Argelia present\u00f3 un proyecto de resoluci\u00f3n al Consejo de Seguridad de la ONU pidiendo el fin de la agresi\u00f3n israel\u00ed contra la ciudad de Raf\u00e1 en el sur de la Franja de Gaza.<\/p>\n<p style=\"text-align: justify;\">Seg\u00fan reportes de prensa, el proyecto de resoluci\u00f3n, que se basa en el fallo emitido por la Corte Internacional de Justicia la semana pasada, afirma que \u201cIsrael, la potencia ocupante, debe detener inmediatamente su invasi\u00f3n militar y cualquier otra acci\u00f3n en Raf\u00e1 y exige un alto el fuego inmediato respetado por todas las partes.<\/p>\n<p style=\"text-align: justify;\">El delegado argelino ante las Naciones Unidas, Ammar Ben Jama, no precis\u00f3 la fecha en la que se someter\u00e1 a votaci\u00f3n el proyecto de resoluci\u00f3n, e indic\u00f3 que su pa\u00eds lo distribuir\u00e1 hoy y ser\u00e1 un texto breve y claro para detener la matanza en Rafah.<\/p>\n<p style=\"text-align: justify;\">El pasado lunes, Argelia convoc\u00f3 una reuni\u00f3n de emergencia del Consejo despu\u00e9s de que las fuerzas de ocupaci\u00f3n israel\u00edes cometieran una nueva masacre en un campo que alberga a palestinos desplazados en la zona de Tal al-Sultan, al oeste de la ciudad de Raf\u00e1, que se sald\u00f3 con 45 personas muertas y otras 249 heridas.<\/p>\n<p style=\"text-align: justify;\">fm\/as<\/p>\n","protected":false},"excerpt":{"rendered":"<p>Nueva York, 29 may (SANA) Argelia present\u00f3 un proyecto de resoluci\u00f3n al Consejo de Seguridad de la ONU pidiendo el fin de la agresi\u00f3n israel\u00ed contra la ciudad de Raf\u00e1 en el sur de la Franja de Gaza. Seg\u00fan reportes de prensa, el proyecto de resoluci\u00f3n, que se basa en el fallo emitido por la &hellip;<\/p>\n","protected":false},"author":42,"featured_media":330391,"comment_status":"closed","ping_status":"closed","sticky":false,"template":"","format":"standard","meta":{"footnotes":""},"categories":[597,456,16687,20724,583,1],"tags":[],"class_list":["post-330388","post","type-post","status-publish","format-standard","has-post-thumbnail","","category-cinta-de-noticias","category-arabe-internacional-politica","category-internacionales","category-minuto-a-minuto","category-slide","category-news-not-sorted"],"_links":{"self":[{"href":"https:\/\/archive.sana.sy\/es\/index.php?rest_route=\/wp\/v2\/posts\/330388"}],"collection":[{"href":"https:\/\/archive.sana.sy\/es\/index.php?rest_route=\/wp\/v2\/posts"}],"about":[{"href":"https:\/\/archive.sana.sy\/es\/index.php?rest_route=\/wp\/v2\/types\/post"}],"author":[{"embeddable":true,"href":"https:\/\/archive.sana.sy\/es\/index.php?rest_route=\/wp\/v2\/users\/42"}],"replies":[{"embeddable":true,"href":"https:\/\/archive.sana.sy\/es\/index.php?rest_route=%2Fwp%2Fv2%2Fcomments&post=330388"}],"version-history":[{"count":1,"href":"https:\/\/archive.sana.sy\/es\/index.php?rest_route=\/wp\/v2\/posts\/330388\/revisions"}],"predecessor-version":[{"id":330392,"href":"https:\/\/archive.sana.sy\/es\/index.php?rest_route=\/wp\/v2\/posts\/330388\/revisions\/330392"}],"wp:featuredmedia":[{"embeddable":true,"href":"https:\/\/archive.sana.sy\/es\/index.php?rest_route=\/wp\/v2\/media\/330391"}],"wp:attachment":[{"href":"https:\/\/archive.sana.sy\/es\/index.php?rest_route=%2Fwp%2Fv2%2Fmedia&parent=330388"}],"wp:term":[{"taxonomy":"category","embeddable":true,"href":"https:\/\/archive.sana.sy\/es\/index.php?rest_route=%2Fwp%2Fv2%2Fcategories&post=330388"},{"taxonomy":"post_tag","embeddable":true,"href":"https:\/\/archive.sana.sy\/es\/index.php?rest_route=%2Fwp%2Fv2%2Ftags&post=330388"}],"curies":[{"name":"wp","href":"https:\/\/api.w.org\/{rel}","templated":true}]}}