{"id":330428,"date":"2024-05-29T14:39:44","date_gmt":"2024-05-29T11:39:44","guid":{"rendered":"https:\/\/sana.sy\/es\/?p=330428"},"modified":"2024-05-29T14:39:44","modified_gmt":"2024-05-29T11:39:44","slug":"israel-asesino-a-75-palestinos-en-gaza-en-menos-de-un-dia","status":"publish","type":"post","link":"https:\/\/archive.sana.sy\/es\/?p=330428","title":{"rendered":"Israel asesin\u00f3 a 75 palestinos en Gaza en menos de un d\u00eda"},"content":{"rendered":"<p style=\"text-align: justify;\"><span style=\"color: #800000;\"><strong>Jerusal\u00e9n ocupada, 29 may (SANA)<\/strong> <\/span>El Ministerio de Salud palestino anunci\u00f3 hoy que durante las \u00faltimas 24 horas, el ocupante israel\u00ed cometi\u00f3 6 masacres en la Franja de Gaza, cuyas v\u00edctimas ascendieron a 75 muertos y 248 heridos.<\/p>\n<p style=\"text-align: justify;\">Estas cifras incluyen solo a las v\u00edctimas que llegaron a lo que queda de hospitales en este enclave costero.<\/p>\n<p style=\"text-align: justify;\">De acuerdo con el Ministerio, el n\u00famero total de v\u00edctimas durante 236 d\u00edas de agresi\u00f3n ascendi\u00f3 a 36 mil 171 muertos y 81 mil 420 heridos.<\/p>\n<p style=\"text-align: justify;\">Miles de v\u00edctimas todav\u00eda se encuentran bajo los escombros y en las carreteras, y las ambulancias y equipos de defensa civil no pueden llegar a los mismos, inform\u00f3 el ente de salud.<\/p>\n<p style=\"text-align: justify;\">El Ministerio denunci\u00f3 que el ocupante destruy\u00f3 deliberadamente el sistema de salud en el norte de la Franja de Gaza y la ciudad de Raf\u00e1 en su sur.<\/p>\n<p style=\"text-align: justify;\">fm\/as<\/p>\n","protected":false},"excerpt":{"rendered":"<p>Jerusal\u00e9n ocupada, 29 may (SANA) El Ministerio de Salud palestino anunci\u00f3 hoy que durante las \u00faltimas 24 horas, el ocupante israel\u00ed cometi\u00f3 6 masacres en la Franja de Gaza, cuyas v\u00edctimas ascendieron a 75 muertos y 248 heridos. Estas cifras incluyen solo a las v\u00edctimas que llegaron a lo que queda de hospitales en este &hellip;<\/p>\n","protected":false},"author":42,"featured_media":330429,"comment_status":"closed","ping_status":"closed","sticky":false,"template":"","format":"standard","meta":{"footnotes":""},"categories":[597,456,16687,20724,583],"tags":[],"class_list":["post-330428","post","type-post","status-publish","format-standard","has-post-thumbnail","","category-cinta-de-noticias","category-arabe-internacional-politica","category-internacionales","category-minuto-a-minuto","category-slide"],"_links":{"self":[{"href":"https:\/\/archive.sana.sy\/es\/index.php?rest_route=\/wp\/v2\/posts\/330428"}],"collection":[{"href":"https:\/\/archive.sana.sy\/es\/index.php?rest_route=\/wp\/v2\/posts"}],"about":[{"href":"https:\/\/archive.sana.sy\/es\/index.php?rest_route=\/wp\/v2\/types\/post"}],"author":[{"embeddable":true,"href":"https:\/\/archive.sana.sy\/es\/index.php?rest_route=\/wp\/v2\/users\/42"}],"replies":[{"embeddable":true,"href":"https:\/\/archive.sana.sy\/es\/index.php?rest_route=%2Fwp%2Fv2%2Fcomments&post=330428"}],"version-history":[{"count":1,"href":"https:\/\/archive.sana.sy\/es\/index.php?rest_route=\/wp\/v2\/posts\/330428\/revisions"}],"predecessor-version":[{"id":330430,"href":"https:\/\/archive.sana.sy\/es\/index.php?rest_route=\/wp\/v2\/posts\/330428\/revisions\/330430"}],"wp:featuredmedia":[{"embeddable":true,"href":"https:\/\/archive.sana.sy\/es\/index.php?rest_route=\/wp\/v2\/media\/330429"}],"wp:attachment":[{"href":"https:\/\/archive.sana.sy\/es\/index.php?rest_route=%2Fwp%2Fv2%2Fmedia&parent=330428"}],"wp:term":[{"taxonomy":"category","embeddable":true,"href":"https:\/\/archive.sana.sy\/es\/index.php?rest_route=%2Fwp%2Fv2%2Fcategories&post=330428"},{"taxonomy":"post_tag","embeddable":true,"href":"https:\/\/archive.sana.sy\/es\/index.php?rest_route=%2Fwp%2Fv2%2Ftags&post=330428"}],"curies":[{"name":"wp","href":"https:\/\/api.w.org\/{rel}","templated":true}]}}