{"id":330441,"date":"2024-05-29T17:02:31","date_gmt":"2024-05-29T14:02:31","guid":{"rendered":"https:\/\/sana.sy\/es\/?p=330441"},"modified":"2024-05-29T17:02:31","modified_gmt":"2024-05-29T14:02:31","slug":"lavrov-estados-unidos-necesita-la-otan-para-mantener-a-europa-en-un-estado-de-dependencia","status":"publish","type":"post","link":"https:\/\/archive.sana.sy\/es\/?p=330441","title":{"rendered":"Lavrov: Estados Unidos necesita la OTAN para mantener a Europa en un estado de dependencia"},"content":{"rendered":"<p style=\"text-align: justify\"><span style=\"color: #800000\"><strong>Mosc\u00fa, 29 may (SANA)<\/strong><\/span> El ministro de Asuntos Exteriores ruso, Sergei Lavrov, consider\u00f3 hoy que Estados Unidos necesita a la OTAN para mantener a Europa en un estado de dependencia.<\/p>\n<p style=\"text-align: justify\">Durante una reuni\u00f3n celebrada hoy con los jefes de las misiones diplom\u00e1ticas extranjeras acreditadas en Mosc\u00fa, Lavrov afirm\u00f3 que la raz\u00f3n para mantener la OTAN es el firme deseo de Estados Unidos de preservar la alianza como herramienta para controlar Europa, incluida Alemania, donde todav\u00eda hay docenas de bases militares estadounidenses para que los alemanes se vean obligados a obedecer las \u00f3rdenes de Washington\u201d.<\/p>\n<p style=\"text-align: justify\">Seg\u00fan el jefe de la diplomacia rusa, esto tambi\u00e9n se hace para que los alemanes guarden silencio cuando Estados Unidos haga volar las l\u00edneas <em>Nord Stream<\/em> para eliminar a su competidor en el mercado energ\u00e9tico europeo, y tambi\u00e9n sigan dispuestos a pagar el caro precio del gas licuado estadounidense.<\/p>\n<p style=\"text-align: justify\">Por otro lado, Lavrov no descart\u00f3 que Estados Unidos pida a varios pa\u00edses de la regi\u00f3n Asia-Pac\u00edfico que desplieguen misiles estadounidenses de medio y corto alcance en sus territorios, como hizo en Filipinas.<\/p>\n<p style=\"text-align: justify\">\nfm\/la<\/p>\n","protected":false},"excerpt":{"rendered":"<p>Mosc\u00fa, 29 may (SANA) El ministro de Asuntos Exteriores ruso, Sergei Lavrov, consider\u00f3 hoy que Estados Unidos necesita a la OTAN para mantener a Europa en un estado de dependencia. Durante una reuni\u00f3n celebrada hoy con los jefes de las misiones diplom\u00e1ticas extranjeras acreditadas en Mosc\u00fa, Lavrov afirm\u00f3 que la raz\u00f3n para mantener la OTAN &hellip;<\/p>\n","protected":false},"author":24,"featured_media":330442,"comment_status":"closed","ping_status":"closed","sticky":false,"template":"","format":"standard","meta":{"footnotes":""},"categories":[597,456,16687,20724,7541],"tags":[],"class_list":["post-330441","post","type-post","status-publish","format-standard","has-post-thumbnail","","category-cinta-de-noticias","category-arabe-internacional-politica","category-internacionales","category-minuto-a-minuto","category-ultimas-noticias"],"_links":{"self":[{"href":"https:\/\/archive.sana.sy\/es\/index.php?rest_route=\/wp\/v2\/posts\/330441"}],"collection":[{"href":"https:\/\/archive.sana.sy\/es\/index.php?rest_route=\/wp\/v2\/posts"}],"about":[{"href":"https:\/\/archive.sana.sy\/es\/index.php?rest_route=\/wp\/v2\/types\/post"}],"author":[{"embeddable":true,"href":"https:\/\/archive.sana.sy\/es\/index.php?rest_route=\/wp\/v2\/users\/24"}],"replies":[{"embeddable":true,"href":"https:\/\/archive.sana.sy\/es\/index.php?rest_route=%2Fwp%2Fv2%2Fcomments&post=330441"}],"version-history":[{"count":1,"href":"https:\/\/archive.sana.sy\/es\/index.php?rest_route=\/wp\/v2\/posts\/330441\/revisions"}],"predecessor-version":[{"id":330443,"href":"https:\/\/archive.sana.sy\/es\/index.php?rest_route=\/wp\/v2\/posts\/330441\/revisions\/330443"}],"wp:featuredmedia":[{"embeddable":true,"href":"https:\/\/archive.sana.sy\/es\/index.php?rest_route=\/wp\/v2\/media\/330442"}],"wp:attachment":[{"href":"https:\/\/archive.sana.sy\/es\/index.php?rest_route=%2Fwp%2Fv2%2Fmedia&parent=330441"}],"wp:term":[{"taxonomy":"category","embeddable":true,"href":"https:\/\/archive.sana.sy\/es\/index.php?rest_route=%2Fwp%2Fv2%2Fcategories&post=330441"},{"taxonomy":"post_tag","embeddable":true,"href":"https:\/\/archive.sana.sy\/es\/index.php?rest_route=%2Fwp%2Fv2%2Ftags&post=330441"}],"curies":[{"name":"wp","href":"https:\/\/api.w.org\/{rel}","templated":true}]}}