{"id":330448,"date":"2024-05-29T18:24:19","date_gmt":"2024-05-29T15:24:19","guid":{"rendered":"https:\/\/sana.sy\/es\/?p=330448"},"modified":"2024-05-29T18:28:21","modified_gmt":"2024-05-29T15:28:21","slug":"bajo-los-auspicios-del-presidente-al-assad-las-fuerzas-de-seguridad-interior-conmemoran-su-dia","status":"publish","type":"post","link":"https:\/\/archive.sana.sy\/es\/?p=330448","title":{"rendered":"Bajo los auspicios del presidente Al-Assad, las Fuerzas de Seguridad Interior conmemoran su d\u00eda"},"content":{"rendered":"<p style=\"text-align: justify\"><span style=\"color: #800000\"><strong>Damasco, 29 may (SANA)<\/strong><\/span> Bajo el patrocinio del presidente Bashar Al-Assad, el Ministerio del Interior conmemor\u00f3 hoy el 79\u00ba aniversario de las Fuerzas de Seguridad Interior, tras celebrar un acto que cont\u00f3 con la asistencia de varios ministros, diputados del Parlamento, \u00a0gobernadores, y el jefe de la Divisi\u00f3n de Seguridad Pol\u00edtica.<\/p>\n<p style=\"text-align: justify\">En su intervenci\u00f3n, el titular del Interior, general Muhammad al-Rahmoun, transmiti\u00f3 los saludos y el aprecio del presidente Bashar al-Assad a los efectivos de las Fuerzas de Seguridad Interior y al pueblo sirio en esta ocasi\u00f3n tan importante para el pa\u00eds.<\/p>\n<p style=\"text-align: justify\">El general Al-Rahmoun honr\u00f3 la memoria de los valientes guardias del Parlamento sirio que se negaron a saludar la bandera francesa en 1945, y prefirieron morir a pasar humillaci\u00f3n a manos de los colonialistas.<\/p>\n<p style=\"text-align: justify\">Durante la celebraci\u00f3n, fueron homenajeados familias de m\u00e1rtires que perdieron su vida en defensa de la patria, incluidos los m\u00e1rtires del 29 de mayo, adem\u00e1s de varios heridos de las Fuerzas de Seguridad Interior.<\/p>\n<p style=\"text-align: justify\">Cabe recordar que Siria fij\u00f3 el 29 de mayo como D\u00eda de las Fuerzas de Seguridad Interna en honor a los 32 polic\u00edas y guardias de la Asamblea del Pueblo que cayeron m\u00e1rtires a manos de los franceses.<\/p>\n<div id='gallery-1' class='gallery galleryid-330448 gallery-columns-1 gallery-size-large'><figure class='gallery-item'>\n\t\t\t<div class='gallery-icon landscape'>\n\t\t\t\t<a href='https:\/\/archive.sana.sy\/es\/wp-content\/uploads\/2024\/05\/DSC_0752-scaled.jpg'><img loading=\"lazy\" decoding=\"async\" width=\"618\" height=\"412\" src=\"https:\/\/archive.sana.sy\/es\/wp-content\/uploads\/2024\/05\/DSC_0752-1024x683.jpg\" class=\"attachment-large size-large\" alt=\"\" srcset=\"https:\/\/archive.sana.sy\/es\/wp-content\/uploads\/2024\/05\/DSC_0752-1024x683.jpg 1024w, https:\/\/archive.sana.sy\/es\/wp-content\/uploads\/2024\/05\/DSC_0752-300x200.jpg 300w, https:\/\/archive.sana.sy\/es\/wp-content\/uploads\/2024\/05\/DSC_0752-150x100.jpg 150w, https:\/\/archive.sana.sy\/es\/wp-content\/uploads\/2024\/05\/DSC_0752-768x512.jpg 768w, https:\/\/archive.sana.sy\/es\/wp-content\/uploads\/2024\/05\/DSC_0752-1536x1024.jpg 1536w, https:\/\/archive.sana.sy\/es\/wp-content\/uploads\/2024\/05\/DSC_0752-2048x1365.jpg 2048w\" sizes=\"(max-width: 618px) 100vw, 618px\" \/><\/a>\n\t\t\t<\/div><\/figure><figure class='gallery-item'>\n\t\t\t<div class='gallery-icon landscape'>\n\t\t\t\t<a href='https:\/\/archive.sana.sy\/es\/wp-content\/uploads\/2024\/05\/DSC_0759-scaled.jpg'><img loading=\"lazy\" decoding=\"async\" width=\"618\" height=\"412\" src=\"https:\/\/archive.sana.sy\/es\/wp-content\/uploads\/2024\/05\/DSC_0759-1024x683.jpg\" class=\"attachment-large size-large\" alt=\"\" srcset=\"https:\/\/archive.sana.sy\/es\/wp-content\/uploads\/2024\/05\/DSC_0759-1024x683.jpg 1024w, https:\/\/archive.sana.sy\/es\/wp-content\/uploads\/2024\/05\/DSC_0759-300x200.jpg 300w, https:\/\/archive.sana.sy\/es\/wp-content\/uploads\/2024\/05\/DSC_0759-150x100.jpg 150w, https:\/\/archive.sana.sy\/es\/wp-content\/uploads\/2024\/05\/DSC_0759-768x512.jpg 768w, https:\/\/archive.sana.sy\/es\/wp-content\/uploads\/2024\/05\/DSC_0759-1536x1024.jpg 1536w, https:\/\/archive.sana.sy\/es\/wp-content\/uploads\/2024\/05\/DSC_0759-2048x1365.jpg 2048w\" sizes=\"(max-width: 618px) 100vw, 618px\" \/><\/a>\n\t\t\t<\/div><\/figure><figure class='gallery-item'>\n\t\t\t<div class='gallery-icon landscape'>\n\t\t\t\t<a href='https:\/\/archive.sana.sy\/es\/wp-content\/uploads\/2024\/05\/DSC_0776-scaled.jpg'><img loading=\"lazy\" decoding=\"async\" width=\"618\" height=\"412\" src=\"https:\/\/archive.sana.sy\/es\/wp-content\/uploads\/2024\/05\/DSC_0776-1024x683.jpg\" class=\"attachment-large size-large\" alt=\"\" srcset=\"https:\/\/archive.sana.sy\/es\/wp-content\/uploads\/2024\/05\/DSC_0776-1024x683.jpg 1024w, https:\/\/archive.sana.sy\/es\/wp-content\/uploads\/2024\/05\/DSC_0776-300x200.jpg 300w, https:\/\/archive.sana.sy\/es\/wp-content\/uploads\/2024\/05\/DSC_0776-150x100.jpg 150w, https:\/\/archive.sana.sy\/es\/wp-content\/uploads\/2024\/05\/DSC_0776-768x512.jpg 768w, https:\/\/archive.sana.sy\/es\/wp-content\/uploads\/2024\/05\/DSC_0776-1536x1024.jpg 1536w, https:\/\/archive.sana.sy\/es\/wp-content\/uploads\/2024\/05\/DSC_0776-2048x1365.jpg 2048w\" sizes=\"(max-width: 618px) 100vw, 618px\" \/><\/a>\n\t\t\t<\/div><\/figure><figure class='gallery-item'>\n\t\t\t<div class='gallery-icon landscape'>\n\t\t\t\t<a href='https:\/\/archive.sana.sy\/es\/wp-content\/uploads\/2024\/05\/DSC_0800-scaled.jpg'><img loading=\"lazy\" decoding=\"async\" width=\"618\" height=\"412\" src=\"https:\/\/archive.sana.sy\/es\/wp-content\/uploads\/2024\/05\/DSC_0800-1024x683.jpg\" class=\"attachment-large size-large\" alt=\"\" srcset=\"https:\/\/archive.sana.sy\/es\/wp-content\/uploads\/2024\/05\/DSC_0800-1024x683.jpg 1024w, https:\/\/archive.sana.sy\/es\/wp-content\/uploads\/2024\/05\/DSC_0800-300x200.jpg 300w, https:\/\/archive.sana.sy\/es\/wp-content\/uploads\/2024\/05\/DSC_0800-150x100.jpg 150w, https:\/\/archive.sana.sy\/es\/wp-content\/uploads\/2024\/05\/DSC_0800-768x512.jpg 768w, https:\/\/archive.sana.sy\/es\/wp-content\/uploads\/2024\/05\/DSC_0800-1536x1024.jpg 1536w, https:\/\/archive.sana.sy\/es\/wp-content\/uploads\/2024\/05\/DSC_0800-2048x1365.jpg 2048w\" sizes=\"(max-width: 618px) 100vw, 618px\" \/><\/a>\n\t\t\t<\/div><\/figure><figure class='gallery-item'>\n\t\t\t<div class='gallery-icon landscape'>\n\t\t\t\t<a href='https:\/\/archive.sana.sy\/es\/wp-content\/uploads\/2024\/05\/DSC_0852-scaled.jpg'><img loading=\"lazy\" decoding=\"async\" width=\"618\" height=\"436\" src=\"https:\/\/archive.sana.sy\/es\/wp-content\/uploads\/2024\/05\/DSC_0852-1024x722.jpg\" class=\"attachment-large size-large\" alt=\"\" srcset=\"https:\/\/archive.sana.sy\/es\/wp-content\/uploads\/2024\/05\/DSC_0852-1024x722.jpg 1024w, https:\/\/archive.sana.sy\/es\/wp-content\/uploads\/2024\/05\/DSC_0852-300x211.jpg 300w, https:\/\/archive.sana.sy\/es\/wp-content\/uploads\/2024\/05\/DSC_0852-150x106.jpg 150w, https:\/\/archive.sana.sy\/es\/wp-content\/uploads\/2024\/05\/DSC_0852-768x541.jpg 768w, https:\/\/archive.sana.sy\/es\/wp-content\/uploads\/2024\/05\/DSC_0852-1536x1083.jpg 1536w, https:\/\/archive.sana.sy\/es\/wp-content\/uploads\/2024\/05\/DSC_0852-2048x1443.jpg 2048w\" sizes=\"(max-width: 618px) 100vw, 618px\" \/><\/a>\n\t\t\t<\/div><\/figure><figure class='gallery-item'>\n\t\t\t<div class='gallery-icon landscape'>\n\t\t\t\t<a href='https:\/\/archive.sana.sy\/es\/wp-content\/uploads\/2024\/05\/DSC_0855-scaled.jpg'><img loading=\"lazy\" decoding=\"async\" width=\"618\" height=\"402\" src=\"https:\/\/archive.sana.sy\/es\/wp-content\/uploads\/2024\/05\/DSC_0855-1024x666.jpg\" class=\"attachment-large size-large\" alt=\"\" srcset=\"https:\/\/archive.sana.sy\/es\/wp-content\/uploads\/2024\/05\/DSC_0855-1024x666.jpg 1024w, https:\/\/archive.sana.sy\/es\/wp-content\/uploads\/2024\/05\/DSC_0855-300x195.jpg 300w, https:\/\/archive.sana.sy\/es\/wp-content\/uploads\/2024\/05\/DSC_0855-150x98.jpg 150w, https:\/\/archive.sana.sy\/es\/wp-content\/uploads\/2024\/05\/DSC_0855-768x500.jpg 768w, https:\/\/archive.sana.sy\/es\/wp-content\/uploads\/2024\/05\/DSC_0855-1536x999.jpg 1536w, https:\/\/archive.sana.sy\/es\/wp-content\/uploads\/2024\/05\/DSC_0855-2048x1332.jpg 2048w\" sizes=\"(max-width: 618px) 100vw, 618px\" \/><\/a>\n\t\t\t<\/div><\/figure><figure class='gallery-item'>\n\t\t\t<div class='gallery-icon landscape'>\n\t\t\t\t<a href='https:\/\/archive.sana.sy\/es\/wp-content\/uploads\/2024\/05\/DSC_0861-scaled.jpg'><img loading=\"lazy\" decoding=\"async\" width=\"618\" height=\"435\" src=\"https:\/\/archive.sana.sy\/es\/wp-content\/uploads\/2024\/05\/DSC_0861-1024x721.jpg\" class=\"attachment-large size-large\" alt=\"\" srcset=\"https:\/\/archive.sana.sy\/es\/wp-content\/uploads\/2024\/05\/DSC_0861-1024x721.jpg 1024w, https:\/\/archive.sana.sy\/es\/wp-content\/uploads\/2024\/05\/DSC_0861-300x211.jpg 300w, https:\/\/archive.sana.sy\/es\/wp-content\/uploads\/2024\/05\/DSC_0861-150x106.jpg 150w, https:\/\/archive.sana.sy\/es\/wp-content\/uploads\/2024\/05\/DSC_0861-768x541.jpg 768w, https:\/\/archive.sana.sy\/es\/wp-content\/uploads\/2024\/05\/DSC_0861-1536x1082.jpg 1536w, https:\/\/archive.sana.sy\/es\/wp-content\/uploads\/2024\/05\/DSC_0861-2048x1442.jpg 2048w\" sizes=\"(max-width: 618px) 100vw, 618px\" \/><\/a>\n\t\t\t<\/div><\/figure><figure class='gallery-item'>\n\t\t\t<div class='gallery-icon landscape'>\n\t\t\t\t<a href='https:\/\/archive.sana.sy\/es\/wp-content\/uploads\/2024\/05\/DSC_0877-scaled.jpg'><img loading=\"lazy\" decoding=\"async\" width=\"618\" height=\"436\" src=\"https:\/\/archive.sana.sy\/es\/wp-content\/uploads\/2024\/05\/DSC_0877-1024x723.jpg\" class=\"attachment-large size-large\" alt=\"\" srcset=\"https:\/\/archive.sana.sy\/es\/wp-content\/uploads\/2024\/05\/DSC_0877-1024x723.jpg 1024w, https:\/\/archive.sana.sy\/es\/wp-content\/uploads\/2024\/05\/DSC_0877-300x212.jpg 300w, https:\/\/archive.sana.sy\/es\/wp-content\/uploads\/2024\/05\/DSC_0877-150x106.jpg 150w, https:\/\/archive.sana.sy\/es\/wp-content\/uploads\/2024\/05\/DSC_0877-768x542.jpg 768w, https:\/\/archive.sana.sy\/es\/wp-content\/uploads\/2024\/05\/DSC_0877-1536x1084.jpg 1536w, https:\/\/archive.sana.sy\/es\/wp-content\/uploads\/2024\/05\/DSC_0877-2048x1445.jpg 2048w\" sizes=\"(max-width: 618px) 100vw, 618px\" \/><\/a>\n\t\t\t<\/div><\/figure>\n\t\t<\/div>\n\n<p>&nbsp;<\/p>\n<p>la<\/p>\n","protected":false},"excerpt":{"rendered":"<p>Damasco, 29 may (SANA) Bajo el patrocinio del presidente Bashar Al-Assad, el Ministerio del Interior conmemor\u00f3 hoy el 79\u00ba aniversario de las Fuerzas de Seguridad Interior, tras celebrar un acto que cont\u00f3 con la asistencia de varios ministros, diputados del Parlamento, \u00a0gobernadores, y el jefe de la Divisi\u00f3n de Seguridad Pol\u00edtica. En su intervenci\u00f3n, el &hellip;<\/p>\n","protected":false},"author":24,"featured_media":330449,"comment_status":"closed","ping_status":"closed","sticky":false,"template":"","format":"standard","meta":{"footnotes":""},"categories":[447,597,20724,476,448,7541],"tags":[],"class_list":["post-330448","post","type-post","status-publish","format-standard","has-post-thumbnail","","category-local-politica","category-cinta-de-noticias","category-minuto-a-minuto","category-locales","category-noticias","category-ultimas-noticias"],"_links":{"self":[{"href":"https:\/\/archive.sana.sy\/es\/index.php?rest_route=\/wp\/v2\/posts\/330448"}],"collection":[{"href":"https:\/\/archive.sana.sy\/es\/index.php?rest_route=\/wp\/v2\/posts"}],"about":[{"href":"https:\/\/archive.sana.sy\/es\/index.php?rest_route=\/wp\/v2\/types\/post"}],"author":[{"embeddable":true,"href":"https:\/\/archive.sana.sy\/es\/index.php?rest_route=\/wp\/v2\/users\/24"}],"replies":[{"embeddable":true,"href":"https:\/\/archive.sana.sy\/es\/index.php?rest_route=%2Fwp%2Fv2%2Fcomments&post=330448"}],"version-history":[{"count":4,"href":"https:\/\/archive.sana.sy\/es\/index.php?rest_route=\/wp\/v2\/posts\/330448\/revisions"}],"predecessor-version":[{"id":330461,"href":"https:\/\/archive.sana.sy\/es\/index.php?rest_route=\/wp\/v2\/posts\/330448\/revisions\/330461"}],"wp:featuredmedia":[{"embeddable":true,"href":"https:\/\/archive.sana.sy\/es\/index.php?rest_route=\/wp\/v2\/media\/330449"}],"wp:attachment":[{"href":"https:\/\/archive.sana.sy\/es\/index.php?rest_route=%2Fwp%2Fv2%2Fmedia&parent=330448"}],"wp:term":[{"taxonomy":"category","embeddable":true,"href":"https:\/\/archive.sana.sy\/es\/index.php?rest_route=%2Fwp%2Fv2%2Fcategories&post=330448"},{"taxonomy":"post_tag","embeddable":true,"href":"https:\/\/archive.sana.sy\/es\/index.php?rest_route=%2Fwp%2Fv2%2Ftags&post=330448"}],"curies":[{"name":"wp","href":"https:\/\/api.w.org\/{rel}","templated":true}]}}