{"id":330486,"date":"2024-05-29T19:12:25","date_gmt":"2024-05-29T16:12:25","guid":{"rendered":"https:\/\/sana.sy\/es\/?p=330486"},"modified":"2024-05-29T20:14:11","modified_gmt":"2024-05-29T17:14:11","slug":"mexico-se-suma-a-la-demanda-internacional-contra-israel","status":"publish","type":"post","link":"https:\/\/archive.sana.sy\/es\/?p=330486","title":{"rendered":"M\u00e9xico se suma a la demanda internacional contra Israel"},"content":{"rendered":"<p style=\"text-align: justify\"><span style=\"color: #800000\"><strong>Capitales, 29 may (SANA)<\/strong> <\/span>M\u00e9xico pidi\u00f3 ante la Corete Internacional de Justicia sumarse a la denuncia internacional presentada a por Sud\u00e1frica contra Israel finales del a\u00f1o pasado por cometer genocidios en Gaza, Palestina ocupada.<\/p>\n<p style=\"text-align: justify\">El 24 de mayo, el pa\u00eds centroamericano invoc\u00f3 el art\u00edculo 63 del Estatuto de la CJI presentando una declaratoria de intervenci\u00f3n que se bas\u00f3 en su condici\u00f3n de Parte en la Convenci\u00f3n para la Prevenci\u00f3n y Sanci\u00f3n del Delito de Genocidio.<\/p>\n<p style=\"text-align: justify\">En este contexto, el presidente mexicano, Andr\u00e9s Manuel L\u00f3pez Obrador, se\u00f1al\u00f3 que su pa\u00eds busca poner fin a la muerte de inocentes y formar parte del proceso de paz.<\/p>\n<p style=\"text-align: justify\">\u201cDeseamos que se detenga la guerra, porque ya son miles de muertos, muchos inocentes y ni\u00f1as, ni\u00f1os, pero necesitamos convencer a los belicistas y seguir demandando el cese al fuego, porque no es nada m\u00e1s calificarlos, aunque podamos estarlo pensando y aunque haya elementos, ahora lo m\u00e1s importante es conseguir la paz, esa es la postura de M\u00e9xico\u201d, dijo en declaraciones a la prensa.<\/p>\n<p style=\"text-align: justify\">la<\/p>\n","protected":false},"excerpt":{"rendered":"<p>Capitales, 29 may (SANA) M\u00e9xico pidi\u00f3 ante la Corete Internacional de Justicia sumarse a la denuncia internacional presentada a por Sud\u00e1frica contra Israel finales del a\u00f1o pasado por cometer genocidios en Gaza, Palestina ocupada. El 24 de mayo, el pa\u00eds centroamericano invoc\u00f3 el art\u00edculo 63 del Estatuto de la CJI presentando una declaratoria de intervenci\u00f3n &hellip;<\/p>\n","protected":false},"author":24,"featured_media":291116,"comment_status":"closed","ping_status":"closed","sticky":false,"template":"","format":"standard","meta":{"footnotes":""},"categories":[597,456,20724,7541],"tags":[],"class_list":["post-330486","post","type-post","status-publish","format-standard","has-post-thumbnail","","category-cinta-de-noticias","category-arabe-internacional-politica","category-minuto-a-minuto","category-ultimas-noticias"],"_links":{"self":[{"href":"https:\/\/archive.sana.sy\/es\/index.php?rest_route=\/wp\/v2\/posts\/330486"}],"collection":[{"href":"https:\/\/archive.sana.sy\/es\/index.php?rest_route=\/wp\/v2\/posts"}],"about":[{"href":"https:\/\/archive.sana.sy\/es\/index.php?rest_route=\/wp\/v2\/types\/post"}],"author":[{"embeddable":true,"href":"https:\/\/archive.sana.sy\/es\/index.php?rest_route=\/wp\/v2\/users\/24"}],"replies":[{"embeddable":true,"href":"https:\/\/archive.sana.sy\/es\/index.php?rest_route=%2Fwp%2Fv2%2Fcomments&post=330486"}],"version-history":[{"count":1,"href":"https:\/\/archive.sana.sy\/es\/index.php?rest_route=\/wp\/v2\/posts\/330486\/revisions"}],"predecessor-version":[{"id":330487,"href":"https:\/\/archive.sana.sy\/es\/index.php?rest_route=\/wp\/v2\/posts\/330486\/revisions\/330487"}],"wp:featuredmedia":[{"embeddable":true,"href":"https:\/\/archive.sana.sy\/es\/index.php?rest_route=\/wp\/v2\/media\/291116"}],"wp:attachment":[{"href":"https:\/\/archive.sana.sy\/es\/index.php?rest_route=%2Fwp%2Fv2%2Fmedia&parent=330486"}],"wp:term":[{"taxonomy":"category","embeddable":true,"href":"https:\/\/archive.sana.sy\/es\/index.php?rest_route=%2Fwp%2Fv2%2Fcategories&post=330486"},{"taxonomy":"post_tag","embeddable":true,"href":"https:\/\/archive.sana.sy\/es\/index.php?rest_route=%2Fwp%2Fv2%2Ftags&post=330486"}],"curies":[{"name":"wp","href":"https:\/\/api.w.org\/{rel}","templated":true}]}}