{"id":330488,"date":"2024-05-29T23:44:29","date_gmt":"2024-05-29T20:44:29","guid":{"rendered":"https:\/\/sana.sy\/es\/?p=330488"},"modified":"2024-05-30T11:45:47","modified_gmt":"2024-05-30T08:45:47","slug":"dos-agresiones-israelies-contra-siria-causan-la-muerte-de-una-nina-y-lesiones-a-10-civiles","status":"publish","type":"post","link":"https:\/\/archive.sana.sy\/es\/?p=330488","title":{"rendered":"Dos agresiones israel\u00edes contra Siria causan la muerte de una ni\u00f1a y lesiones a 10 civiles"},"content":{"rendered":"<p>Damasco, 29 may (SANA) El Ministerio de Defensa de Siria declar\u00f3 que alrededor de las 19:30 hora local de Damasco, el ej\u00e9rcito de ocupaci\u00f3n israel\u00ed perpetr\u00f3 una agresi\u00f3n con misiles contra el territorio sirio.<\/p>\n<p>La fuente precis\u00f3 que el ataque fue lanzado por cazas israel\u00edes que sobrevolaban el territorio del vecino L\u00edbano y apuntaron una posici\u00f3n en la regi\u00f3n central y un edificio residencial en la ciudad costera de Banias.<\/p>\n<p>La agresi\u00f3n caus\u00f3 la muerte de una ni\u00f1a y lesiones a 10 civiles, y hubo algunas p\u00e9rdidas materiales.<\/p>\n","protected":false},"excerpt":{"rendered":"<p>Damasco, 29 may (SANA) El Ministerio de Defensa de Siria declar\u00f3 que alrededor de las 19:30 hora local de Damasco, el ej\u00e9rcito de ocupaci\u00f3n israel\u00ed perpetr\u00f3 una agresi\u00f3n con misiles contra el territorio sirio. La fuente precis\u00f3 que el ataque fue lanzado por cazas israel\u00edes que sobrevolaban el territorio del vecino L\u00edbano y apuntaron una &hellip;<\/p>\n","protected":false},"author":34,"featured_media":306807,"comment_status":"closed","ping_status":"closed","sticky":false,"template":"","format":"standard","meta":{"footnotes":""},"categories":[447,477,597,573,20724,476,583],"tags":[],"class_list":["post-330488","post","type-post","status-publish","format-standard","has-post-thumbnail","","category-local-politica","category-noticias-edulcorantes","category-cinta-de-noticias","category-la-realidad-de-los-acontecimientos-en-siria","category-minuto-a-minuto","category-locales","category-slide"],"_links":{"self":[{"href":"https:\/\/archive.sana.sy\/es\/index.php?rest_route=\/wp\/v2\/posts\/330488"}],"collection":[{"href":"https:\/\/archive.sana.sy\/es\/index.php?rest_route=\/wp\/v2\/posts"}],"about":[{"href":"https:\/\/archive.sana.sy\/es\/index.php?rest_route=\/wp\/v2\/types\/post"}],"author":[{"embeddable":true,"href":"https:\/\/archive.sana.sy\/es\/index.php?rest_route=\/wp\/v2\/users\/34"}],"replies":[{"embeddable":true,"href":"https:\/\/archive.sana.sy\/es\/index.php?rest_route=%2Fwp%2Fv2%2Fcomments&post=330488"}],"version-history":[{"count":2,"href":"https:\/\/archive.sana.sy\/es\/index.php?rest_route=\/wp\/v2\/posts\/330488\/revisions"}],"predecessor-version":[{"id":330491,"href":"https:\/\/archive.sana.sy\/es\/index.php?rest_route=\/wp\/v2\/posts\/330488\/revisions\/330491"}],"wp:featuredmedia":[{"embeddable":true,"href":"https:\/\/archive.sana.sy\/es\/index.php?rest_route=\/wp\/v2\/media\/306807"}],"wp:attachment":[{"href":"https:\/\/archive.sana.sy\/es\/index.php?rest_route=%2Fwp%2Fv2%2Fmedia&parent=330488"}],"wp:term":[{"taxonomy":"category","embeddable":true,"href":"https:\/\/archive.sana.sy\/es\/index.php?rest_route=%2Fwp%2Fv2%2Fcategories&post=330488"},{"taxonomy":"post_tag","embeddable":true,"href":"https:\/\/archive.sana.sy\/es\/index.php?rest_route=%2Fwp%2Fv2%2Ftags&post=330488"}],"curies":[{"name":"wp","href":"https:\/\/api.w.org\/{rel}","templated":true}]}}