{"id":330494,"date":"2024-05-30T11:59:26","date_gmt":"2024-05-30T08:59:26","guid":{"rendered":"https:\/\/sana.sy\/es\/?p=330494"},"modified":"2024-05-30T12:24:01","modified_gmt":"2024-05-30T09:24:01","slug":"tres-heridos-por-explosion-de-una-bomba-en-ciudad-siria-de-homs","status":"publish","type":"post","link":"https:\/\/archive.sana.sy\/es\/?p=330494","title":{"rendered":"Tres heridos por explosi\u00f3n de una bomba en ciudad siria de Homs"},"content":{"rendered":"<p style=\"text-align: justify;\"><span style=\"color: #800000;\"><strong>Homs, 30 may (SANA)<\/strong> <\/span>La explosi\u00f3n de una bomba caus\u00f3 hoy lesiones a tres personas, en la ciudad de Homs, cabecera de la provincia del mismo nombre, ubicada a unos 200 kil\u00f3metros al norte de Damasco, la capital siria.<\/p>\n<p style=\"text-align: justify;\">De acuerdo con la Polic\u00eda provincial, la bomba estaba colocada debajo de un carro particular, en el barrio de Al-Shammas.<\/p>\n<p style=\"text-align: justify;\"><em>Nota en desarrollo\u2026<\/em><\/p>\n<p style=\"text-align: justify;\">fm\/ed<\/p>\n","protected":false},"excerpt":{"rendered":"<p>Homs, 30 may (SANA) La explosi\u00f3n de una bomba caus\u00f3 hoy lesiones a tres personas, en la ciudad de Homs, cabecera de la provincia del mismo nombre, ubicada a unos 200 kil\u00f3metros al norte de Damasco, la capital siria. De acuerdo con la Polic\u00eda provincial, la bomba estaba colocada debajo de un carro particular, en &hellip;<\/p>\n","protected":false},"author":32,"featured_media":330504,"comment_status":"closed","ping_status":"closed","sticky":false,"template":"","format":"standard","meta":{"footnotes":""},"categories":[477,597,573,20724,476,7541],"tags":[],"class_list":["post-330494","post","type-post","status-publish","format-standard","has-post-thumbnail","","category-noticias-edulcorantes","category-cinta-de-noticias","category-la-realidad-de-los-acontecimientos-en-siria","category-minuto-a-minuto","category-locales","category-ultimas-noticias"],"_links":{"self":[{"href":"https:\/\/archive.sana.sy\/es\/index.php?rest_route=\/wp\/v2\/posts\/330494"}],"collection":[{"href":"https:\/\/archive.sana.sy\/es\/index.php?rest_route=\/wp\/v2\/posts"}],"about":[{"href":"https:\/\/archive.sana.sy\/es\/index.php?rest_route=\/wp\/v2\/types\/post"}],"author":[{"embeddable":true,"href":"https:\/\/archive.sana.sy\/es\/index.php?rest_route=\/wp\/v2\/users\/32"}],"replies":[{"embeddable":true,"href":"https:\/\/archive.sana.sy\/es\/index.php?rest_route=%2Fwp%2Fv2%2Fcomments&post=330494"}],"version-history":[{"count":2,"href":"https:\/\/archive.sana.sy\/es\/index.php?rest_route=\/wp\/v2\/posts\/330494\/revisions"}],"predecessor-version":[{"id":330505,"href":"https:\/\/archive.sana.sy\/es\/index.php?rest_route=\/wp\/v2\/posts\/330494\/revisions\/330505"}],"wp:featuredmedia":[{"embeddable":true,"href":"https:\/\/archive.sana.sy\/es\/index.php?rest_route=\/wp\/v2\/media\/330504"}],"wp:attachment":[{"href":"https:\/\/archive.sana.sy\/es\/index.php?rest_route=%2Fwp%2Fv2%2Fmedia&parent=330494"}],"wp:term":[{"taxonomy":"category","embeddable":true,"href":"https:\/\/archive.sana.sy\/es\/index.php?rest_route=%2Fwp%2Fv2%2Fcategories&post=330494"},{"taxonomy":"post_tag","embeddable":true,"href":"https:\/\/archive.sana.sy\/es\/index.php?rest_route=%2Fwp%2Fv2%2Ftags&post=330494"}],"curies":[{"name":"wp","href":"https:\/\/api.w.org\/{rel}","templated":true}]}}