{"id":330501,"date":"2024-05-30T12:19:22","date_gmt":"2024-05-30T09:19:22","guid":{"rendered":"https:\/\/sana.sy\/es\/?p=330501"},"modified":"2024-05-30T12:19:22","modified_gmt":"2024-05-30T09:19:22","slug":"una-comision-de-la-onu-acoge-bien-el-reconocimiento-internacional-al-estado-de-palestina","status":"publish","type":"post","link":"https:\/\/archive.sana.sy\/es\/?p=330501","title":{"rendered":"Una comisi\u00f3n de la ONU acoge bien el reconocimiento internacional al Estado de Palestina"},"content":{"rendered":"<p style=\"text-align: justify;\"><strong><span style=\"color: #800000;\">Nueva York, 03 may (SANA)<\/span>\u00a0 \u00a0<\/strong>\u00a0La Comisi\u00f3n de la Asamblea General de las Naciones Unidas para el ejercicio de los derechos inalienables del pueblo palestino acogi\u00f3 con satisfacci\u00f3n el reconocimiento internacional del Estado de Palestina y pidi\u00f3 apoyar y fortalecer el derecho del pueblo palestino a la autodeterminaci\u00f3n.<\/p>\n<p style=\"text-align: justify;\">&#8220;La ampliaci\u00f3n de los reconocimientos se produce tras de la resoluci\u00f3n de la Asamblea General de las Naciones Unidas emitida el 10 de mayo de 2024, que reafirm\u00f3 el derecho del pueblo palestino a la autodeterminaci\u00f3n y a su Estado palestino independiente\u201d, afirm\u00f3 la Comisi\u00f3n citada por la agencia palestina Wafa.<\/p>\n<p style=\"text-align: justify;\">Inst\u00f3 al Consejo de Seguridad a aceptar el Estado de Palestina como miembro de pleno derecho de las Naciones Unidas, tambi\u00e9n salud\u00f3 las medidas provisionales emitidas por la Corte Internacional de Justicia, que ordenan a Israel detener inmediatamente la invasi\u00f3n de la ciudad de Rafah, y la entrega de ayuda humanitaria a Gaza sin obst\u00e1culos, y garantizar el acceso de cualquier comit\u00e9 de investigaci\u00f3n a Gaza bajo mandatos de las Naciones Unidas.<\/p>\n<p style=\"text-align: justify;\">El Responsable de pol\u00edtica exterior de la Uni\u00f3n Europea, Josep Borrell, confirm\u00f3 que la Uni\u00f3n rechaza los intentos de la ocupaci\u00f3n israel\u00ed de clasificar a la Agencia de Obras P\u00fablicas y Socorro de las Naciones Unidas para los Refugiados de Palestina (UNRWA) como organizaci\u00f3n terrorista.<\/p>\n<p>ed\/fm<\/p>\n","protected":false},"excerpt":{"rendered":"<p>Nueva York, 03 may (SANA)\u00a0 \u00a0\u00a0La Comisi\u00f3n de la Asamblea General de las Naciones Unidas para el ejercicio de los derechos inalienables del pueblo palestino acogi\u00f3 con satisfacci\u00f3n el reconocimiento internacional del Estado de Palestina y pidi\u00f3 apoyar y fortalecer el derecho del pueblo palestino a la autodeterminaci\u00f3n. &#8220;La ampliaci\u00f3n de los reconocimientos se produce &hellip;<\/p>\n","protected":false},"author":32,"featured_media":330502,"comment_status":"closed","ping_status":"closed","sticky":false,"template":"","format":"standard","meta":{"footnotes":""},"categories":[597,456,20724,7541],"tags":[],"class_list":["post-330501","post","type-post","status-publish","format-standard","has-post-thumbnail","","category-cinta-de-noticias","category-arabe-internacional-politica","category-minuto-a-minuto","category-ultimas-noticias"],"_links":{"self":[{"href":"https:\/\/archive.sana.sy\/es\/index.php?rest_route=\/wp\/v2\/posts\/330501"}],"collection":[{"href":"https:\/\/archive.sana.sy\/es\/index.php?rest_route=\/wp\/v2\/posts"}],"about":[{"href":"https:\/\/archive.sana.sy\/es\/index.php?rest_route=\/wp\/v2\/types\/post"}],"author":[{"embeddable":true,"href":"https:\/\/archive.sana.sy\/es\/index.php?rest_route=\/wp\/v2\/users\/32"}],"replies":[{"embeddable":true,"href":"https:\/\/archive.sana.sy\/es\/index.php?rest_route=%2Fwp%2Fv2%2Fcomments&post=330501"}],"version-history":[{"count":1,"href":"https:\/\/archive.sana.sy\/es\/index.php?rest_route=\/wp\/v2\/posts\/330501\/revisions"}],"predecessor-version":[{"id":330503,"href":"https:\/\/archive.sana.sy\/es\/index.php?rest_route=\/wp\/v2\/posts\/330501\/revisions\/330503"}],"wp:featuredmedia":[{"embeddable":true,"href":"https:\/\/archive.sana.sy\/es\/index.php?rest_route=\/wp\/v2\/media\/330502"}],"wp:attachment":[{"href":"https:\/\/archive.sana.sy\/es\/index.php?rest_route=%2Fwp%2Fv2%2Fmedia&parent=330501"}],"wp:term":[{"taxonomy":"category","embeddable":true,"href":"https:\/\/archive.sana.sy\/es\/index.php?rest_route=%2Fwp%2Fv2%2Fcategories&post=330501"},{"taxonomy":"post_tag","embeddable":true,"href":"https:\/\/archive.sana.sy\/es\/index.php?rest_route=%2Fwp%2Fv2%2Ftags&post=330501"}],"curies":[{"name":"wp","href":"https:\/\/api.w.org\/{rel}","templated":true}]}}