{"id":330506,"date":"2024-05-30T12:28:25","date_gmt":"2024-05-30T09:28:25","guid":{"rendered":"https:\/\/sana.sy\/es\/?p=330506"},"modified":"2024-05-30T12:28:25","modified_gmt":"2024-05-30T09:28:25","slug":"50-expertos-de-la-onu-piden-una-postura-internacional-decisiva-para-detener-la-agresion-israeli-a-gaza","status":"publish","type":"post","link":"https:\/\/archive.sana.sy\/es\/?p=330506","title":{"rendered":"50 expertos de la ONU piden una postura internacional decisiva para detener la agresi\u00f3n israel\u00ed a Gaza"},"content":{"rendered":"<p style=\"text-align: justify;\"><span style=\"color: #800000;\"><strong>Ginebra, 30 may (SANA)\u00a0<\/strong><\/span> \u00a0Unos 50 expertos internacionales en el campo de los derechos humanos pidieron una postura internacional decisiva para detener la agresi\u00f3n israel\u00ed contra la Franja de Gaza.<\/p>\n<p style=\"text-align: justify;\">Los expertos afirmaron en un comunicado publicado hoy que &#8220;los brutales ataques israel\u00edes constituyen una flagrante violaci\u00f3n del derecho internacional y tambi\u00e9n representan un ataque a la humanidad&#8221;.<\/p>\n<p style=\"text-align: justify;\">Hicieron referencia a la horrible masacre cometida por el ocupante israel\u00ed el domingo pasado en Tal Al-Sultan, al noroeste de Rafah, en la que murieron 46 palestinos y decenas resultaron heridos.<\/p>\n<p style=\"text-align: justify;\">Los expertos de la ONU a\u00f1adieron que \u201clos ataques imprudentes de Israel contra los lugares que albergan a palestinos desplazados, incluidos mujeres, ni\u00f1os, personas con discapacidades y ancianos que buscan asilo, constituyen una grave violaci\u00f3n de las leyes de la guerra y un sombr\u00edo recordatorio de la urgente necesidad de acci\u00f3n internacional.&#8221;<\/p>\n<p style=\"text-align: justify;\">\u201cEsto no se puede tolerar. Un alto el fuego inmediato y permanente, junto con medidas significativas para garantizar la rendici\u00f3n de cuentas por las atrocidades y asegurar los derechos b\u00e1sicos de los palestinos en Gaza, constituyen la \u00fanica manera de salvar nuestra humanidad&#8221;, aseguraron.<\/p>\n<p>fm\/ed<\/p>\n","protected":false},"excerpt":{"rendered":"<p>Ginebra, 30 may (SANA)\u00a0 \u00a0Unos 50 expertos internacionales en el campo de los derechos humanos pidieron una postura internacional decisiva para detener la agresi\u00f3n israel\u00ed contra la Franja de Gaza. Los expertos afirmaron en un comunicado publicado hoy que &#8220;los brutales ataques israel\u00edes constituyen una flagrante violaci\u00f3n del derecho internacional y tambi\u00e9n representan un ataque &hellip;<\/p>\n","protected":false},"author":32,"featured_media":330507,"comment_status":"closed","ping_status":"closed","sticky":false,"template":"","format":"standard","meta":{"footnotes":""},"categories":[597,456,20724,7541],"tags":[],"class_list":["post-330506","post","type-post","status-publish","format-standard","has-post-thumbnail","","category-cinta-de-noticias","category-arabe-internacional-politica","category-minuto-a-minuto","category-ultimas-noticias"],"_links":{"self":[{"href":"https:\/\/archive.sana.sy\/es\/index.php?rest_route=\/wp\/v2\/posts\/330506"}],"collection":[{"href":"https:\/\/archive.sana.sy\/es\/index.php?rest_route=\/wp\/v2\/posts"}],"about":[{"href":"https:\/\/archive.sana.sy\/es\/index.php?rest_route=\/wp\/v2\/types\/post"}],"author":[{"embeddable":true,"href":"https:\/\/archive.sana.sy\/es\/index.php?rest_route=\/wp\/v2\/users\/32"}],"replies":[{"embeddable":true,"href":"https:\/\/archive.sana.sy\/es\/index.php?rest_route=%2Fwp%2Fv2%2Fcomments&post=330506"}],"version-history":[{"count":1,"href":"https:\/\/archive.sana.sy\/es\/index.php?rest_route=\/wp\/v2\/posts\/330506\/revisions"}],"predecessor-version":[{"id":330508,"href":"https:\/\/archive.sana.sy\/es\/index.php?rest_route=\/wp\/v2\/posts\/330506\/revisions\/330508"}],"wp:featuredmedia":[{"embeddable":true,"href":"https:\/\/archive.sana.sy\/es\/index.php?rest_route=\/wp\/v2\/media\/330507"}],"wp:attachment":[{"href":"https:\/\/archive.sana.sy\/es\/index.php?rest_route=%2Fwp%2Fv2%2Fmedia&parent=330506"}],"wp:term":[{"taxonomy":"category","embeddable":true,"href":"https:\/\/archive.sana.sy\/es\/index.php?rest_route=%2Fwp%2Fv2%2Fcategories&post=330506"},{"taxonomy":"post_tag","embeddable":true,"href":"https:\/\/archive.sana.sy\/es\/index.php?rest_route=%2Fwp%2Fv2%2Ftags&post=330506"}],"curies":[{"name":"wp","href":"https:\/\/api.w.org\/{rel}","templated":true}]}}