{"id":330543,"date":"2024-05-30T16:17:16","date_gmt":"2024-05-30T13:17:16","guid":{"rendered":"https:\/\/sana.sy\/es\/?p=330543"},"modified":"2024-05-30T16:20:11","modified_gmt":"2024-05-30T13:20:11","slug":"los-presidentes-al-assad-y-mokhber-destacan-la-profunda-relacion-estrategica-entre-siria-e-iran","status":"publish","type":"post","link":"https:\/\/archive.sana.sy\/es\/?p=330543","title":{"rendered":"Los presidentes Al-Assad y Mokhber destacan la profunda relaci\u00f3n estrat\u00e9gica entre Siria e Ir\u00e1n"},"content":{"rendered":"<p style=\"text-align: justify;\"><span style=\"color: #800000;\"><strong>Teher\u00e1n, 30 may (SANA)\u00a0<\/strong> <\/span>El presidente Bashar Al-Assad, se reuni\u00f3 hoy en Teher\u00e1n con el presidente designado Muhammad Mokhber y le ofreci\u00f3 sus condolencias por la muerte del presidente Ibrahim Raisi y del canciller Hossein Amir Abdollahian.<\/p>\n<p style=\"text-align: justify;\">Al-Assad subray\u00f3 la gran confianza en la capacidad del liderazgo y el pueblo de Ir\u00e1n para superar este doloroso incidente y continuar con su posici\u00f3n y rol a nivel regional e internacional.<\/p>\n<p style=\"text-align: justify;\">Los presidentes Al-Assad y Mokhber destacaron la profundidad de la relaci\u00f3n estrat\u00e9gica entre Siria e Ir\u00e1n y afirmaron que esta relaci\u00f3n se basa en principios de la dignidad, soberan\u00eda y el respeto a los intereses comunes de los pa\u00edses y pueblos.<\/p>\n<p style=\"text-align: justify;\">Ratificaron la voluntad de fortalecer las relaciones bilaterales en diversos campos, especialmente en lo econ\u00f3mico.<\/p>\n<div id='gallery-1' class='gallery galleryid-330543 gallery-columns-1 gallery-size-full'><figure class='gallery-item'>\n\t\t\t<div class='gallery-icon landscape'>\n\t\t\t\t<a href='https:\/\/archive.sana.sy\/es\/?attachment_id=330548'><img loading=\"lazy\" decoding=\"async\" width=\"1280\" height=\"872\" src=\"https:\/\/archive.sana.sy\/es\/wp-content\/uploads\/2024\/05\/Los-presidentes-Al-Assad-y-Mokhber-destacan-la-profunda-relacion-estrategica-entre-Siria-e-Iran1.jpeg\" class=\"attachment-full size-full\" alt=\"\" srcset=\"https:\/\/archive.sana.sy\/es\/wp-content\/uploads\/2024\/05\/Los-presidentes-Al-Assad-y-Mokhber-destacan-la-profunda-relacion-estrategica-entre-Siria-e-Iran1.jpeg 1280w, https:\/\/archive.sana.sy\/es\/wp-content\/uploads\/2024\/05\/Los-presidentes-Al-Assad-y-Mokhber-destacan-la-profunda-relacion-estrategica-entre-Siria-e-Iran1-300x204.jpeg 300w, https:\/\/archive.sana.sy\/es\/wp-content\/uploads\/2024\/05\/Los-presidentes-Al-Assad-y-Mokhber-destacan-la-profunda-relacion-estrategica-entre-Siria-e-Iran1-1024x698.jpeg 1024w, https:\/\/archive.sana.sy\/es\/wp-content\/uploads\/2024\/05\/Los-presidentes-Al-Assad-y-Mokhber-destacan-la-profunda-relacion-estrategica-entre-Siria-e-Iran1-150x102.jpeg 150w, https:\/\/archive.sana.sy\/es\/wp-content\/uploads\/2024\/05\/Los-presidentes-Al-Assad-y-Mokhber-destacan-la-profunda-relacion-estrategica-entre-Siria-e-Iran1-768x523.jpeg 768w, https:\/\/archive.sana.sy\/es\/wp-content\/uploads\/2024\/05\/Los-presidentes-Al-Assad-y-Mokhber-destacan-la-profunda-relacion-estrategica-entre-Siria-e-Iran1-110x75.jpeg 110w\" sizes=\"(max-width: 1280px) 100vw, 1280px\" \/><\/a>\n\t\t\t<\/div><\/figure><figure class='gallery-item'>\n\t\t\t<div class='gallery-icon landscape'>\n\t\t\t\t<a href='https:\/\/archive.sana.sy\/es\/?attachment_id=330547'><img loading=\"lazy\" decoding=\"async\" width=\"1280\" height=\"820\" src=\"https:\/\/archive.sana.sy\/es\/wp-content\/uploads\/2024\/05\/Los-presidentes-Al-Assad-y-Mokhber-destacan-la-profunda-relacion-estrategica-entre-Siria-e-Iran.jpeg\" class=\"attachment-full size-full\" alt=\"\" srcset=\"https:\/\/archive.sana.sy\/es\/wp-content\/uploads\/2024\/05\/Los-presidentes-Al-Assad-y-Mokhber-destacan-la-profunda-relacion-estrategica-entre-Siria-e-Iran.jpeg 1280w, https:\/\/archive.sana.sy\/es\/wp-content\/uploads\/2024\/05\/Los-presidentes-Al-Assad-y-Mokhber-destacan-la-profunda-relacion-estrategica-entre-Siria-e-Iran-300x192.jpeg 300w, https:\/\/archive.sana.sy\/es\/wp-content\/uploads\/2024\/05\/Los-presidentes-Al-Assad-y-Mokhber-destacan-la-profunda-relacion-estrategica-entre-Siria-e-Iran-1024x656.jpeg 1024w, https:\/\/archive.sana.sy\/es\/wp-content\/uploads\/2024\/05\/Los-presidentes-Al-Assad-y-Mokhber-destacan-la-profunda-relacion-estrategica-entre-Siria-e-Iran-150x96.jpeg 150w, https:\/\/archive.sana.sy\/es\/wp-content\/uploads\/2024\/05\/Los-presidentes-Al-Assad-y-Mokhber-destacan-la-profunda-relacion-estrategica-entre-Siria-e-Iran-768x492.jpeg 768w\" sizes=\"(max-width: 1280px) 100vw, 1280px\" \/><\/a>\n\t\t\t<\/div><\/figure><figure class='gallery-item'>\n\t\t\t<div class='gallery-icon landscape'>\n\t\t\t\t<a href='https:\/\/archive.sana.sy\/es\/?attachment_id=330549'><img loading=\"lazy\" decoding=\"async\" width=\"1280\" height=\"600\" src=\"https:\/\/archive.sana.sy\/es\/wp-content\/uploads\/2024\/05\/Los-presidentes-Al-Assad-y-Mokhber-destacan-la-profunda-relacion-estrategica-entre-Siria-e-Iran2.jpeg\" class=\"attachment-full size-full\" alt=\"\" srcset=\"https:\/\/archive.sana.sy\/es\/wp-content\/uploads\/2024\/05\/Los-presidentes-Al-Assad-y-Mokhber-destacan-la-profunda-relacion-estrategica-entre-Siria-e-Iran2.jpeg 1280w, https:\/\/archive.sana.sy\/es\/wp-content\/uploads\/2024\/05\/Los-presidentes-Al-Assad-y-Mokhber-destacan-la-profunda-relacion-estrategica-entre-Siria-e-Iran2-300x141.jpeg 300w, https:\/\/archive.sana.sy\/es\/wp-content\/uploads\/2024\/05\/Los-presidentes-Al-Assad-y-Mokhber-destacan-la-profunda-relacion-estrategica-entre-Siria-e-Iran2-1024x480.jpeg 1024w, https:\/\/archive.sana.sy\/es\/wp-content\/uploads\/2024\/05\/Los-presidentes-Al-Assad-y-Mokhber-destacan-la-profunda-relacion-estrategica-entre-Siria-e-Iran2-150x70.jpeg 150w, https:\/\/archive.sana.sy\/es\/wp-content\/uploads\/2024\/05\/Los-presidentes-Al-Assad-y-Mokhber-destacan-la-profunda-relacion-estrategica-entre-Siria-e-Iran2-768x360.jpeg 768w\" sizes=\"(max-width: 1280px) 100vw, 1280px\" \/><\/a>\n\t\t\t<\/div><\/figure>\n\t\t<\/div>\n\n<p style=\"text-align: justify;\">fm\/sm<\/p>\n","protected":false},"excerpt":{"rendered":"<p>Teher\u00e1n, 30 may (SANA)\u00a0 El presidente Bashar Al-Assad, se reuni\u00f3 hoy en Teher\u00e1n con el presidente designado Muhammad Mokhber y le ofreci\u00f3 sus condolencias por la muerte del presidente Ibrahim Raisi y del canciller Hossein Amir Abdollahian. Al-Assad subray\u00f3 la gran confianza en la capacidad del liderazgo y el pueblo de Ir\u00e1n para superar este &hellip;<\/p>\n","protected":false},"author":39,"featured_media":330544,"comment_status":"closed","ping_status":"closed","sticky":false,"template":"","format":"standard","meta":{"footnotes":""},"categories":[477,597,20724,16237,467,583,626],"tags":[],"class_list":["post-330543","post","type-post","status-publish","format-standard","has-post-thumbnail","","category-noticias-edulcorantes","category-cinta-de-noticias","category-minuto-a-minuto","category-presidence-de-la-republique-arabe-syria","category-siria-y-el-mundo","category-slide","category-sr-presidente"],"_links":{"self":[{"href":"https:\/\/archive.sana.sy\/es\/index.php?rest_route=\/wp\/v2\/posts\/330543"}],"collection":[{"href":"https:\/\/archive.sana.sy\/es\/index.php?rest_route=\/wp\/v2\/posts"}],"about":[{"href":"https:\/\/archive.sana.sy\/es\/index.php?rest_route=\/wp\/v2\/types\/post"}],"author":[{"embeddable":true,"href":"https:\/\/archive.sana.sy\/es\/index.php?rest_route=\/wp\/v2\/users\/39"}],"replies":[{"embeddable":true,"href":"https:\/\/archive.sana.sy\/es\/index.php?rest_route=%2Fwp%2Fv2%2Fcomments&post=330543"}],"version-history":[{"count":3,"href":"https:\/\/archive.sana.sy\/es\/index.php?rest_route=\/wp\/v2\/posts\/330543\/revisions"}],"predecessor-version":[{"id":330550,"href":"https:\/\/archive.sana.sy\/es\/index.php?rest_route=\/wp\/v2\/posts\/330543\/revisions\/330550"}],"wp:featuredmedia":[{"embeddable":true,"href":"https:\/\/archive.sana.sy\/es\/index.php?rest_route=\/wp\/v2\/media\/330544"}],"wp:attachment":[{"href":"https:\/\/archive.sana.sy\/es\/index.php?rest_route=%2Fwp%2Fv2%2Fmedia&parent=330543"}],"wp:term":[{"taxonomy":"category","embeddable":true,"href":"https:\/\/archive.sana.sy\/es\/index.php?rest_route=%2Fwp%2Fv2%2Fcategories&post=330543"},{"taxonomy":"post_tag","embeddable":true,"href":"https:\/\/archive.sana.sy\/es\/index.php?rest_route=%2Fwp%2Fv2%2Ftags&post=330543"}],"curies":[{"name":"wp","href":"https:\/\/api.w.org\/{rel}","templated":true}]}}