{"id":330554,"date":"2024-05-30T18:00:48","date_gmt":"2024-05-30T15:00:48","guid":{"rendered":"https:\/\/sana.sy\/es\/?p=330554"},"modified":"2024-05-30T18:02:43","modified_gmt":"2024-05-30T15:02:43","slug":"ponen-en-produccion-nuevo-pozo-de-gas-en-provincia-central-de-homs","status":"publish","type":"post","link":"https:\/\/archive.sana.sy\/es\/?p=330554","title":{"rendered":"Ponen en producci\u00f3n nuevo pozo de gas en provincia central de Homs"},"content":{"rendered":"<p style=\"text-align: justify;\"><strong><span style=\"color: #800000;\">Homs, 30 may (SANA)\u00a0<\/span> \u00a0<\/strong>El Ministerio de Petr\u00f3leo y Recursos Minerales puso hoy en producci\u00f3n el pozo de gas \u201cJahar 101\u201d en provincia central de Homs.<\/p>\n<p style=\"text-align: justify;\">El Ministro de Petr\u00f3leo y Recursos Minerales, Firas Qaddour, explic\u00f3 que el gas producido en el pozo ser\u00e1 procesado para luego incorporarlo a la red nacional de gas.<\/p>\n<p style=\"text-align: justify;\">El titular sirio se reuni\u00f3 con los equipos de trabajo y de perforaci\u00f3n en el referido sitio y elogi\u00f3 sus esfuerzos y determinaci\u00f3n a pesar de todas las circunstancias dif\u00edciles que atraviesa el pa\u00eds.<\/p>\n<div id='gallery-1' class='gallery galleryid-330554 gallery-columns-1 gallery-size-full'><figure class='gallery-item'>\n\t\t\t<div class='gallery-icon landscape'>\n\t\t\t\t<a href='https:\/\/archive.sana.sy\/es\/?attachment_id=330556'><img loading=\"lazy\" decoding=\"async\" width=\"660\" height=\"495\" src=\"https:\/\/archive.sana.sy\/es\/wp-content\/uploads\/2024\/05\/Ponen-en-produccion-nuevo-pozo-de-gas-en-provincia-central-de-Homs000.jpeg\" class=\"attachment-full size-full\" alt=\"\" srcset=\"https:\/\/archive.sana.sy\/es\/wp-content\/uploads\/2024\/05\/Ponen-en-produccion-nuevo-pozo-de-gas-en-provincia-central-de-Homs000.jpeg 660w, https:\/\/archive.sana.sy\/es\/wp-content\/uploads\/2024\/05\/Ponen-en-produccion-nuevo-pozo-de-gas-en-provincia-central-de-Homs000-300x225.jpeg 300w, https:\/\/archive.sana.sy\/es\/wp-content\/uploads\/2024\/05\/Ponen-en-produccion-nuevo-pozo-de-gas-en-provincia-central-de-Homs000-150x113.jpeg 150w\" sizes=\"(max-width: 660px) 100vw, 660px\" \/><\/a>\n\t\t\t<\/div><\/figure><figure class='gallery-item'>\n\t\t\t<div class='gallery-icon landscape'>\n\t\t\t\t<a href='https:\/\/archive.sana.sy\/es\/?attachment_id=330558'><img loading=\"lazy\" decoding=\"async\" width=\"660\" height=\"411\" src=\"https:\/\/archive.sana.sy\/es\/wp-content\/uploads\/2024\/05\/Ponen-en-produccion-nuevo-pozo-de-gas-en-provincia-central-de-Homs0.jpeg\" class=\"attachment-full size-full\" alt=\"\" srcset=\"https:\/\/archive.sana.sy\/es\/wp-content\/uploads\/2024\/05\/Ponen-en-produccion-nuevo-pozo-de-gas-en-provincia-central-de-Homs0.jpeg 660w, https:\/\/archive.sana.sy\/es\/wp-content\/uploads\/2024\/05\/Ponen-en-produccion-nuevo-pozo-de-gas-en-provincia-central-de-Homs0-300x187.jpeg 300w, https:\/\/archive.sana.sy\/es\/wp-content\/uploads\/2024\/05\/Ponen-en-produccion-nuevo-pozo-de-gas-en-provincia-central-de-Homs0-150x93.jpeg 150w\" sizes=\"(max-width: 660px) 100vw, 660px\" \/><\/a>\n\t\t\t<\/div><\/figure><figure class='gallery-item'>\n\t\t\t<div class='gallery-icon landscape'>\n\t\t\t\t<a href='https:\/\/archive.sana.sy\/es\/?attachment_id=330557'><img loading=\"lazy\" decoding=\"async\" width=\"660\" height=\"495\" src=\"https:\/\/archive.sana.sy\/es\/wp-content\/uploads\/2024\/05\/Ponen-en-produccion-nuevo-pozo-de-gas-en-provincia-central-de-Homs00.jpeg\" class=\"attachment-full size-full\" alt=\"\" srcset=\"https:\/\/archive.sana.sy\/es\/wp-content\/uploads\/2024\/05\/Ponen-en-produccion-nuevo-pozo-de-gas-en-provincia-central-de-Homs00.jpeg 660w, https:\/\/archive.sana.sy\/es\/wp-content\/uploads\/2024\/05\/Ponen-en-produccion-nuevo-pozo-de-gas-en-provincia-central-de-Homs00-300x225.jpeg 300w, https:\/\/archive.sana.sy\/es\/wp-content\/uploads\/2024\/05\/Ponen-en-produccion-nuevo-pozo-de-gas-en-provincia-central-de-Homs00-150x113.jpeg 150w\" sizes=\"(max-width: 660px) 100vw, 660px\" \/><\/a>\n\t\t\t<\/div><\/figure>\n\t\t<\/div>\n\n<p style=\"text-align: justify;\">sm<\/p>\n","protected":false},"excerpt":{"rendered":"<p>Homs, 30 may (SANA)\u00a0 \u00a0El Ministerio de Petr\u00f3leo y Recursos Minerales puso hoy en producci\u00f3n el pozo de gas \u201cJahar 101\u201d en provincia central de Homs. El Ministro de Petr\u00f3leo y Recursos Minerales, Firas Qaddour, explic\u00f3 que el gas producido en el pozo ser\u00e1 procesado para luego incorporarlo a la red nacional de gas. El &hellip;<\/p>\n","protected":false},"author":39,"featured_media":330555,"comment_status":"closed","ping_status":"closed","sticky":false,"template":"","format":"standard","meta":{"footnotes":""},"categories":[477,597,16686,483,476,7541],"tags":[],"class_list":["post-330554","post","type-post","status-publish","format-standard","has-post-thumbnail","","category-noticias-edulcorantes","category-cinta-de-noticias","category-economia","category-negocios-y-finanzas","category-locales","category-ultimas-noticias"],"_links":{"self":[{"href":"https:\/\/archive.sana.sy\/es\/index.php?rest_route=\/wp\/v2\/posts\/330554"}],"collection":[{"href":"https:\/\/archive.sana.sy\/es\/index.php?rest_route=\/wp\/v2\/posts"}],"about":[{"href":"https:\/\/archive.sana.sy\/es\/index.php?rest_route=\/wp\/v2\/types\/post"}],"author":[{"embeddable":true,"href":"https:\/\/archive.sana.sy\/es\/index.php?rest_route=\/wp\/v2\/users\/39"}],"replies":[{"embeddable":true,"href":"https:\/\/archive.sana.sy\/es\/index.php?rest_route=%2Fwp%2Fv2%2Fcomments&post=330554"}],"version-history":[{"count":2,"href":"https:\/\/archive.sana.sy\/es\/index.php?rest_route=\/wp\/v2\/posts\/330554\/revisions"}],"predecessor-version":[{"id":330560,"href":"https:\/\/archive.sana.sy\/es\/index.php?rest_route=\/wp\/v2\/posts\/330554\/revisions\/330560"}],"wp:featuredmedia":[{"embeddable":true,"href":"https:\/\/archive.sana.sy\/es\/index.php?rest_route=\/wp\/v2\/media\/330555"}],"wp:attachment":[{"href":"https:\/\/archive.sana.sy\/es\/index.php?rest_route=%2Fwp%2Fv2%2Fmedia&parent=330554"}],"wp:term":[{"taxonomy":"category","embeddable":true,"href":"https:\/\/archive.sana.sy\/es\/index.php?rest_route=%2Fwp%2Fv2%2Fcategories&post=330554"},{"taxonomy":"post_tag","embeddable":true,"href":"https:\/\/archive.sana.sy\/es\/index.php?rest_route=%2Fwp%2Fv2%2Ftags&post=330554"}],"curies":[{"name":"wp","href":"https:\/\/api.w.org\/{rel}","templated":true}]}}