{"id":330561,"date":"2024-05-30T18:20:50","date_gmt":"2024-05-30T15:20:50","guid":{"rendered":"https:\/\/sana.sy\/es\/?p=330561"},"modified":"2024-05-30T18:20:50","modified_gmt":"2024-05-30T15:20:50","slug":"rusia-confirma-su-disposicion-a-responder-amenazas-de-la-otan-y-la-ue-en-ucrania","status":"publish","type":"post","link":"https:\/\/archive.sana.sy\/es\/?p=330561","title":{"rendered":"Rusia confirma su disposici\u00f3n a responder amenazas de la OTAN y la UE en Ucrania"},"content":{"rendered":"<p style=\"text-align: justify;\"><span style=\"color: #800000;\"><strong>Mosc\u00fa, 30 may (SANA)\u00a0 <\/strong><\/span>El Representante Permanente Adjunto de Rusia ante la Organizaci\u00f3n para la Seguridad y la Cooperaci\u00f3n en Europa (OSCE ), Maxim Boyakevich, destac\u00f3 que Rusia responder\u00e1 apropiadamente a todas las amenazas planteadas por la OTAN y la Uni\u00f3n Europea en Ucrania.<\/p>\n<p style=\"text-align: justify;\">\u201cNo sacrificaremos nuestros intereses, la seguridad y la estabilidad de nuestro Estado en favor de las ambiciones neocoloniales de varios pa\u00edses de la OTAN y de la Uni\u00f3n Europea, y responderemos adecuadamente a todas las amenazas que crean en el territorio de Ucrania.&#8221;, dijo el funcionario ruso, cit\u00f3 la agencia de noticias TASS.<\/p>\n<p style=\"text-align: justify;\">Asimismo, se\u00f1al\u00f3 que al involucrarse en el conflicto ucraniano y la confrontaci\u00f3n armada con Rusia, los Estados miembros de la OTAN y la UE est\u00e1n poniendo en gran peligro la situaci\u00f3n en Europa y el mundo, e indic\u00f3 que estos pa\u00edses que interpretando incorrectamente la moderaci\u00f3n rusa.<\/p>\n<p style=\"text-align: justify;\">Cabe recordar que el secretario general de la OTAN, Jens Stoltenberg, hab\u00eda anunciado la posibilidad de levantar las restricciones impuestas al uso por parte de Ucrania de armas occidentales para lanzar ataques en territorio ruso.<\/p>\n<p style=\"text-align: justify;\">sm<\/p>\n","protected":false},"excerpt":{"rendered":"<p>Mosc\u00fa, 30 may (SANA)\u00a0 El Representante Permanente Adjunto de Rusia ante la Organizaci\u00f3n para la Seguridad y la Cooperaci\u00f3n en Europa (OSCE ), Maxim Boyakevich, destac\u00f3 que Rusia responder\u00e1 apropiadamente a todas las amenazas planteadas por la OTAN y la Uni\u00f3n Europea en Ucrania. \u201cNo sacrificaremos nuestros intereses, la seguridad y la estabilidad de nuestro &hellip;<\/p>\n","protected":false},"author":39,"featured_media":330562,"comment_status":"closed","ping_status":"closed","sticky":false,"template":"","format":"standard","meta":{"footnotes":""},"categories":[597,456,16687,20724,7541],"tags":[],"class_list":["post-330561","post","type-post","status-publish","format-standard","has-post-thumbnail","","category-cinta-de-noticias","category-arabe-internacional-politica","category-internacionales","category-minuto-a-minuto","category-ultimas-noticias"],"_links":{"self":[{"href":"https:\/\/archive.sana.sy\/es\/index.php?rest_route=\/wp\/v2\/posts\/330561"}],"collection":[{"href":"https:\/\/archive.sana.sy\/es\/index.php?rest_route=\/wp\/v2\/posts"}],"about":[{"href":"https:\/\/archive.sana.sy\/es\/index.php?rest_route=\/wp\/v2\/types\/post"}],"author":[{"embeddable":true,"href":"https:\/\/archive.sana.sy\/es\/index.php?rest_route=\/wp\/v2\/users\/39"}],"replies":[{"embeddable":true,"href":"https:\/\/archive.sana.sy\/es\/index.php?rest_route=%2Fwp%2Fv2%2Fcomments&post=330561"}],"version-history":[{"count":1,"href":"https:\/\/archive.sana.sy\/es\/index.php?rest_route=\/wp\/v2\/posts\/330561\/revisions"}],"predecessor-version":[{"id":330563,"href":"https:\/\/archive.sana.sy\/es\/index.php?rest_route=\/wp\/v2\/posts\/330561\/revisions\/330563"}],"wp:featuredmedia":[{"embeddable":true,"href":"https:\/\/archive.sana.sy\/es\/index.php?rest_route=\/wp\/v2\/media\/330562"}],"wp:attachment":[{"href":"https:\/\/archive.sana.sy\/es\/index.php?rest_route=%2Fwp%2Fv2%2Fmedia&parent=330561"}],"wp:term":[{"taxonomy":"category","embeddable":true,"href":"https:\/\/archive.sana.sy\/es\/index.php?rest_route=%2Fwp%2Fv2%2Fcategories&post=330561"},{"taxonomy":"post_tag","embeddable":true,"href":"https:\/\/archive.sana.sy\/es\/index.php?rest_route=%2Fwp%2Fv2%2Ftags&post=330561"}],"curies":[{"name":"wp","href":"https:\/\/api.w.org\/{rel}","templated":true}]}}