{"id":330595,"date":"2024-05-31T15:38:02","date_gmt":"2024-05-31T12:38:02","guid":{"rendered":"https:\/\/sana.sy\/es\/?p=330595"},"modified":"2024-05-31T15:43:10","modified_gmt":"2024-05-31T12:43:10","slug":"medvedev-el-conflicto-militar-con-la-otan-avanza-por-el-peor-escenario","status":"publish","type":"post","link":"https:\/\/archive.sana.sy\/es\/?p=330595","title":{"rendered":"Medv\u00e9dev: El conflicto militar con la OTAN avanza por el peor escenario"},"content":{"rendered":"<p style=\"text-align: justify;\"><span style=\"color: #800000;\"><strong>Mosc\u00fa, 31 may (SANA)\u00a0 <\/strong><\/span>El expresidente y actual vicepresidente del Consejo de Seguridad de Rusia, Dmitri Medv\u00e9dev, se\u00f1al\u00f3 que el actual conflicto militar entre Rusia y Occidente se desarrolla seg\u00fan los peores escenarios posibles.<\/p>\n<p style=\"text-align: justify;\">\u201cLos pa\u00edses occidentales que aceptaron usar sus armas de largo alcance contra el territorio ruso deben saber que todo el equipo militar y los especialistas que luchan contra nosotros en Ucrania o en el territorio de cualquier otro pa\u00eds, ser\u00e1n eliminados si se llevan a cabo ataques contra territorio ruso desde all\u00ed\u201d, escribi\u00f3 el alto funcionario ruso en su canal de Telegram.<\/p>\n<p style=\"text-align: justify;\">Asimismo, se\u00f1al\u00f3 que su pa\u00eds se basa en el hecho de que todas las armas de largo alcance utilizadas por Ucrania est\u00e1n hoy bajo control militar directo de los pa\u00edses de la OTAN.<\/p>\n<p style=\"text-align: justify;\">\u201cEsto no es asistencia militar en absoluto, sino m\u00e1s bien participaci\u00f3n en la guerra contra nosotros, y tales acciones pueden convertirse en motivo de guerra\u201d, agreg\u00f3.<\/p>\n<p style=\"text-align: justify;\">Medv\u00e9dev advirti\u00f3 que esta asistencia de los pa\u00edses de la OTAN contra Rusia, ya sea relacionada con el control de misiles de crucero de largo alcance o con el env\u00edo de un contingente de fuerzas a Ucrania, constituye una peligrosa escalada del conflicto, y el r\u00e9gimen de Kiev y sus aliados en la alianza recibir\u00e1n una respuesta fuerte.<\/p>\n<p style=\"text-align: justify;\">Adem\u00e1s, consider\u00f3 que el actual conflicto militar con Occidente avanza por los peores escenarios posibles.<\/p>\n<p style=\"text-align: justify;\">\u201cSe est\u00e1 produciendo un aumento constante de la potencia de las armas utilizadas de la OTAN, por lo tanto, nadie puede descartar que el conflicto pase hoy en d\u00eda a su fase final\u201d, concluy\u00f3.<\/p>\n<p style=\"text-align: justify;\">sm<\/p>\n","protected":false},"excerpt":{"rendered":"<p>Mosc\u00fa, 31 may (SANA)\u00a0 El expresidente y actual vicepresidente del Consejo de Seguridad de Rusia, Dmitri Medv\u00e9dev, se\u00f1al\u00f3 que el actual conflicto militar entre Rusia y Occidente se desarrolla seg\u00fan los peores escenarios posibles. \u201cLos pa\u00edses occidentales que aceptaron usar sus armas de largo alcance contra el territorio ruso deben saber que todo el equipo &hellip;<\/p>\n","protected":false},"author":39,"featured_media":330596,"comment_status":"closed","ping_status":"closed","sticky":false,"template":"","format":"standard","meta":{"footnotes":""},"categories":[597,456,16687,20724,7541],"tags":[],"class_list":["post-330595","post","type-post","status-publish","format-standard","has-post-thumbnail","","category-cinta-de-noticias","category-arabe-internacional-politica","category-internacionales","category-minuto-a-minuto","category-ultimas-noticias"],"_links":{"self":[{"href":"https:\/\/archive.sana.sy\/es\/index.php?rest_route=\/wp\/v2\/posts\/330595"}],"collection":[{"href":"https:\/\/archive.sana.sy\/es\/index.php?rest_route=\/wp\/v2\/posts"}],"about":[{"href":"https:\/\/archive.sana.sy\/es\/index.php?rest_route=\/wp\/v2\/types\/post"}],"author":[{"embeddable":true,"href":"https:\/\/archive.sana.sy\/es\/index.php?rest_route=\/wp\/v2\/users\/39"}],"replies":[{"embeddable":true,"href":"https:\/\/archive.sana.sy\/es\/index.php?rest_route=%2Fwp%2Fv2%2Fcomments&post=330595"}],"version-history":[{"count":2,"href":"https:\/\/archive.sana.sy\/es\/index.php?rest_route=\/wp\/v2\/posts\/330595\/revisions"}],"predecessor-version":[{"id":330598,"href":"https:\/\/archive.sana.sy\/es\/index.php?rest_route=\/wp\/v2\/posts\/330595\/revisions\/330598"}],"wp:featuredmedia":[{"embeddable":true,"href":"https:\/\/archive.sana.sy\/es\/index.php?rest_route=\/wp\/v2\/media\/330596"}],"wp:attachment":[{"href":"https:\/\/archive.sana.sy\/es\/index.php?rest_route=%2Fwp%2Fv2%2Fmedia&parent=330595"}],"wp:term":[{"taxonomy":"category","embeddable":true,"href":"https:\/\/archive.sana.sy\/es\/index.php?rest_route=%2Fwp%2Fv2%2Fcategories&post=330595"},{"taxonomy":"post_tag","embeddable":true,"href":"https:\/\/archive.sana.sy\/es\/index.php?rest_route=%2Fwp%2Fv2%2Ftags&post=330595"}],"curies":[{"name":"wp","href":"https:\/\/api.w.org\/{rel}","templated":true}]}}