{"id":330700,"date":"2024-06-02T15:16:10","date_gmt":"2024-06-02T12:16:10","guid":{"rendered":"https:\/\/sana.sy\/es\/?p=330700"},"modified":"2024-06-02T15:16:10","modified_gmt":"2024-06-02T12:16:10","slug":"la-policia-de-nueva-york-reprime-una-manifestacion-en-apoyo-al-pueblo-palestino","status":"publish","type":"post","link":"https:\/\/archive.sana.sy\/es\/?p=330700","title":{"rendered":"La Polic\u00eda de Nueva York reprime una manifestaci\u00f3n en apoyo al pueblo palestino"},"content":{"rendered":"<p style=\"text-align: justify;\"><span style=\"color: #800000;\"><strong>Washington, 2 jun (SANA)<\/strong> <\/span>La polic\u00eda de Nueva York reprimi\u00f3 una manifestaci\u00f3n pro-palestina frente al Museo de Brooklyn.<\/p>\n<p style=\"text-align: justify;\">Seg\u00fan reportes de los medios de prensa, la polic\u00eda neoyorkina arrest\u00f3 al menos a 22 personas, despu\u00e9s de que manifestantes pro palestinos organizaran una sentada frente al Museo y acusaran a algunos de ellos de cometer violaciones.<\/p>\n<p style=\"text-align: justify;\">Cientos de manifestantes hab\u00edan acudido en masa al museo de arte, coreando consignas y portando carteles pro palestinos, como \u201cPalestina libre y cesen su genocidio\u201d.<\/p>\n<p style=\"text-align: justify;\">Desde abril pasado, se organizaron protestas, sentadas y manifestaciones en Nueva York y otras ciudades de Estados Unidos en apoyo a los palestinos y denunciando la agresi\u00f3n israel\u00ed a la Franja de Gaza.<\/p>\n<p style=\"text-align: justify;\">fm\/as<\/p>\n","protected":false},"excerpt":{"rendered":"<p>Washington, 2 jun (SANA) La polic\u00eda de Nueva York reprimi\u00f3 una manifestaci\u00f3n pro-palestina frente al Museo de Brooklyn. Seg\u00fan reportes de los medios de prensa, la polic\u00eda neoyorkina arrest\u00f3 al menos a 22 personas, despu\u00e9s de que manifestantes pro palestinos organizaran una sentada frente al Museo y acusaran a algunos de ellos de cometer violaciones. &hellip;<\/p>\n","protected":false},"author":42,"featured_media":330701,"comment_status":"closed","ping_status":"closed","sticky":false,"template":"","format":"standard","meta":{"footnotes":""},"categories":[597,456,16687,20724,7541],"tags":[],"class_list":["post-330700","post","type-post","status-publish","format-standard","has-post-thumbnail","","category-cinta-de-noticias","category-arabe-internacional-politica","category-internacionales","category-minuto-a-minuto","category-ultimas-noticias"],"_links":{"self":[{"href":"https:\/\/archive.sana.sy\/es\/index.php?rest_route=\/wp\/v2\/posts\/330700"}],"collection":[{"href":"https:\/\/archive.sana.sy\/es\/index.php?rest_route=\/wp\/v2\/posts"}],"about":[{"href":"https:\/\/archive.sana.sy\/es\/index.php?rest_route=\/wp\/v2\/types\/post"}],"author":[{"embeddable":true,"href":"https:\/\/archive.sana.sy\/es\/index.php?rest_route=\/wp\/v2\/users\/42"}],"replies":[{"embeddable":true,"href":"https:\/\/archive.sana.sy\/es\/index.php?rest_route=%2Fwp%2Fv2%2Fcomments&post=330700"}],"version-history":[{"count":1,"href":"https:\/\/archive.sana.sy\/es\/index.php?rest_route=\/wp\/v2\/posts\/330700\/revisions"}],"predecessor-version":[{"id":330702,"href":"https:\/\/archive.sana.sy\/es\/index.php?rest_route=\/wp\/v2\/posts\/330700\/revisions\/330702"}],"wp:featuredmedia":[{"embeddable":true,"href":"https:\/\/archive.sana.sy\/es\/index.php?rest_route=\/wp\/v2\/media\/330701"}],"wp:attachment":[{"href":"https:\/\/archive.sana.sy\/es\/index.php?rest_route=%2Fwp%2Fv2%2Fmedia&parent=330700"}],"wp:term":[{"taxonomy":"category","embeddable":true,"href":"https:\/\/archive.sana.sy\/es\/index.php?rest_route=%2Fwp%2Fv2%2Fcategories&post=330700"},{"taxonomy":"post_tag","embeddable":true,"href":"https:\/\/archive.sana.sy\/es\/index.php?rest_route=%2Fwp%2Fv2%2Ftags&post=330700"}],"curies":[{"name":"wp","href":"https:\/\/api.w.org\/{rel}","templated":true}]}}