{"id":330704,"date":"2024-06-02T15:20:57","date_gmt":"2024-06-02T12:20:57","guid":{"rendered":"https:\/\/sana.sy\/es\/?p=330704"},"modified":"2024-06-02T15:20:57","modified_gmt":"2024-06-02T12:20:57","slug":"tres-personas-resultan-heridas-en-nuevo-bombardeo-ucraniano-contra-provincia-rusa-de-kursk","status":"publish","type":"post","link":"https:\/\/archive.sana.sy\/es\/?p=330704","title":{"rendered":"Tres personas resultan heridas en nuevo bombardeo ucraniano contra provincia rusa de Kursk"},"content":{"rendered":"<p style=\"text-align: justify;\"><span style=\"color: #800000;\"><strong>Mosc\u00fa, 2 jun (SANA)<\/strong> <\/span>Tres personas resultaron heridas y sufrieron quemaduras a consecuencia de un nuevo bombardeo ucraniano contra la provincia fronteriza rusa de Kursk.<\/p>\n<p style=\"text-align: justify;\">La agencia de noticias TASS cit\u00f3 al vicegobernador de distrito Alexei Smirnov diciendo en una publicaci\u00f3n en Telegram, que un dron ucraniano en forma de helic\u00f3ptero arroj\u00f3 un artefacto explosivo sobre un autom\u00f3vil cerca de la aldea de Krupets hiriendo a tres residentes de la zona\u201d.<\/p>\n<p style=\"text-align: justify;\">El s\u00e1bado \u00faltimo, una persona result\u00f3 herida tras ataque con tres drones ucranianos contra la ciudad de Grayvoron en la provincia rusa de B\u00e9lgorod.<\/p>\n<p style=\"text-align: justify;\">fm\/as<\/p>\n","protected":false},"excerpt":{"rendered":"<p>Mosc\u00fa, 2 jun (SANA) Tres personas resultaron heridas y sufrieron quemaduras a consecuencia de un nuevo bombardeo ucraniano contra la provincia fronteriza rusa de Kursk. La agencia de noticias TASS cit\u00f3 al vicegobernador de distrito Alexei Smirnov diciendo en una publicaci\u00f3n en Telegram, que un dron ucraniano en forma de helic\u00f3ptero arroj\u00f3 un artefacto explosivo &hellip;<\/p>\n","protected":false},"author":42,"featured_media":330707,"comment_status":"closed","ping_status":"closed","sticky":false,"template":"","format":"standard","meta":{"footnotes":""},"categories":[597,456,16687,20724,7541],"tags":[],"class_list":["post-330704","post","type-post","status-publish","format-standard","has-post-thumbnail","","category-cinta-de-noticias","category-arabe-internacional-politica","category-internacionales","category-minuto-a-minuto","category-ultimas-noticias"],"_links":{"self":[{"href":"https:\/\/archive.sana.sy\/es\/index.php?rest_route=\/wp\/v2\/posts\/330704"}],"collection":[{"href":"https:\/\/archive.sana.sy\/es\/index.php?rest_route=\/wp\/v2\/posts"}],"about":[{"href":"https:\/\/archive.sana.sy\/es\/index.php?rest_route=\/wp\/v2\/types\/post"}],"author":[{"embeddable":true,"href":"https:\/\/archive.sana.sy\/es\/index.php?rest_route=\/wp\/v2\/users\/42"}],"replies":[{"embeddable":true,"href":"https:\/\/archive.sana.sy\/es\/index.php?rest_route=%2Fwp%2Fv2%2Fcomments&post=330704"}],"version-history":[{"count":1,"href":"https:\/\/archive.sana.sy\/es\/index.php?rest_route=\/wp\/v2\/posts\/330704\/revisions"}],"predecessor-version":[{"id":330708,"href":"https:\/\/archive.sana.sy\/es\/index.php?rest_route=\/wp\/v2\/posts\/330704\/revisions\/330708"}],"wp:featuredmedia":[{"embeddable":true,"href":"https:\/\/archive.sana.sy\/es\/index.php?rest_route=\/wp\/v2\/media\/330707"}],"wp:attachment":[{"href":"https:\/\/archive.sana.sy\/es\/index.php?rest_route=%2Fwp%2Fv2%2Fmedia&parent=330704"}],"wp:term":[{"taxonomy":"category","embeddable":true,"href":"https:\/\/archive.sana.sy\/es\/index.php?rest_route=%2Fwp%2Fv2%2Fcategories&post=330704"},{"taxonomy":"post_tag","embeddable":true,"href":"https:\/\/archive.sana.sy\/es\/index.php?rest_route=%2Fwp%2Fv2%2Ftags&post=330704"}],"curies":[{"name":"wp","href":"https:\/\/api.w.org\/{rel}","templated":true}]}}