{"id":330713,"date":"2024-06-02T15:31:37","date_gmt":"2024-06-02T12:31:37","guid":{"rendered":"https:\/\/sana.sy\/es\/?p=330713"},"modified":"2024-06-02T20:00:15","modified_gmt":"2024-06-02T17:00:15","slug":"rituales-de-la-cosecha-de-la-rosa-damascena-en-siria","status":"publish","type":"post","link":"https:\/\/archive.sana.sy\/es\/?p=330713","title":{"rendered":"Rituales de la cosecha de la Rosa Damascena en Siria (+Video)"},"content":{"rendered":"<p style=\"text-align: justify;\"><span style=\"color: #800000;\"><strong>Damasco, 2 jun (SANA) <\/strong><\/span>Durante los meses de mayo y junio, varias regiones de Siria se visten de rosado anunciando la llegada de la temporada de cosecha de la Rosa de Damasco, la flor nacional de Siria y su embajadora de paz y amor al mundo<\/p>\n<p style=\"text-align: justify;\">Los sirios han comenzado la cosecha de esta Rosa, cuyas pr\u00e1cticas culturales y artesanales fueron inscritas desde 2019 en la Lista Representativa del Patrimonio Cultural Inmaterial de la Humanidad.<\/p>\n<p style=\"text-align: justify;\">En medio de rituales milenarios y un ambiente festivo y familiar, los campesinos van desde horas tempranas de la ma\u00f1ana a sus tierras donde laboran arduamente en la recogida de los p\u00e9talos rosados de esta flor, que luego se procesan manualmente para convertirse en perfumes, aguas de flores y otros productos cosm\u00e9ticos, culinarios y medicinales.<\/p>\n<p style=\"text-align: justify;\">Los agricultores aseguran que el cultivo este a\u00f1o es muy bueno gracias al apoyo que reciben, sin embargo sienten y lamentan la ausencia este a\u00f1o de la primera dama Asmaa Al-Assad, principal patrocinadora de este cultivo y que actualmente se somete a tratamiento tras ser diagnosticada con leucemia.<\/p>\n<p style=\"text-align: justify;\">Con su aroma, color y los rituales que acompa\u00f1an su cosecha, la Rosa de Damasco se ha convertido en un elemento patrimonial y econ\u00f3mico transfronterizo que expresa la verdadera naturaleza generosa, fraternal y pac\u00edfica de los sirios.<\/p>\n<p><iframe loading=\"lazy\" title=\"Rituales de la cosecha de la Rosa Damascena en Siria\" src=\"https:\/\/www.youtube.com\/embed\/O3ypmE6cRqs\" width=\"800\" height=\"400\" frameborder=\"0\" allowfullscreen=\"allowfullscreen\"><span data-mce-type=\"bookmark\" style=\"display: inline-block; width: 0px; overflow: hidden; line-height: 0;\" class=\"mce_SELRES_start\">\ufeff<\/span><\/iframe><\/p>\n","protected":false},"excerpt":{"rendered":"<p>Damasco, 2 jun (SANA) Durante los meses de mayo y junio, varias regiones de Siria se visten de rosado anunciando la llegada de la temporada de cosecha de la Rosa de Damasco, la flor nacional de Siria y su embajadora de paz y amor al mundo Los sirios han comenzado la cosecha de esta Rosa, &hellip;<\/p>\n","protected":false},"author":42,"featured_media":330714,"comment_status":"closed","ping_status":"closed","sticky":false,"template":"","format":"standard","meta":{"footnotes":""},"categories":[597,510,20724,583,624],"tags":[],"class_list":["post-330713","post","type-post","status-publish","format-standard","has-post-thumbnail","","category-cinta-de-noticias","category-arte-y-cultura","category-minuto-a-minuto","category-slide","category-video-sana"],"_links":{"self":[{"href":"https:\/\/archive.sana.sy\/es\/index.php?rest_route=\/wp\/v2\/posts\/330713"}],"collection":[{"href":"https:\/\/archive.sana.sy\/es\/index.php?rest_route=\/wp\/v2\/posts"}],"about":[{"href":"https:\/\/archive.sana.sy\/es\/index.php?rest_route=\/wp\/v2\/types\/post"}],"author":[{"embeddable":true,"href":"https:\/\/archive.sana.sy\/es\/index.php?rest_route=\/wp\/v2\/users\/42"}],"replies":[{"embeddable":true,"href":"https:\/\/archive.sana.sy\/es\/index.php?rest_route=%2Fwp%2Fv2%2Fcomments&post=330713"}],"version-history":[{"count":4,"href":"https:\/\/archive.sana.sy\/es\/index.php?rest_route=\/wp\/v2\/posts\/330713\/revisions"}],"predecessor-version":[{"id":330738,"href":"https:\/\/archive.sana.sy\/es\/index.php?rest_route=\/wp\/v2\/posts\/330713\/revisions\/330738"}],"wp:featuredmedia":[{"embeddable":true,"href":"https:\/\/archive.sana.sy\/es\/index.php?rest_route=\/wp\/v2\/media\/330714"}],"wp:attachment":[{"href":"https:\/\/archive.sana.sy\/es\/index.php?rest_route=%2Fwp%2Fv2%2Fmedia&parent=330713"}],"wp:term":[{"taxonomy":"category","embeddable":true,"href":"https:\/\/archive.sana.sy\/es\/index.php?rest_route=%2Fwp%2Fv2%2Fcategories&post=330713"},{"taxonomy":"post_tag","embeddable":true,"href":"https:\/\/archive.sana.sy\/es\/index.php?rest_route=%2Fwp%2Fv2%2Ftags&post=330713"}],"curies":[{"name":"wp","href":"https:\/\/api.w.org\/{rel}","templated":true}]}}