{"id":330759,"date":"2024-06-03T05:48:26","date_gmt":"2024-06-03T02:48:26","guid":{"rendered":"https:\/\/sana.sy\/es\/?p=330759"},"modified":"2024-06-03T05:48:26","modified_gmt":"2024-06-03T02:48:26","slug":"reportan-otra-agresion-israeli-contra-varios-puntos-en-alepo-norte-de-siria","status":"publish","type":"post","link":"https:\/\/archive.sana.sy\/es\/?p=330759","title":{"rendered":"Reportan otra agresi\u00f3n israel\u00ed contra varios puntos en Alepo, norte de Siria"},"content":{"rendered":"<p style=\"text-align: justify;\"><span style=\"color: #800000;\"><strong>Damasco, 3 jun (SANA)<\/strong> <\/span>Varias personas perdieron la vida hoy por ataques a\u00e9reos israel\u00edes contra varios puntos alrededor de la ciudad de Alepo, en el norte de Siria.<\/p>\n<p style=\"text-align: justify;\">El Ministerio de Defensa declar\u00f3 a SANA que aproximadamente a las 12:20 am de este lunes, 3 de junio de 2024, Israel perpetr\u00f3 ataque a\u00e9reo desde la direcci\u00f3n del sureste de Alepo.<\/p>\n<p style=\"text-align: justify;\">Precis\u00f3 que la acci\u00f3n hostil apunt\u00f3 contra algunos sitios en las cercan\u00edas de la cabecera provincial, lo que caus\u00f3 la ca\u00edda de varios m\u00e1rtires y algunas p\u00e9rdidas materiales.<\/p>\n<p style=\"text-align: justify;\">fm<\/p>\n","protected":false},"excerpt":{"rendered":"<p>Damasco, 3 jun (SANA) Varias personas perdieron la vida hoy por ataques a\u00e9reos israel\u00edes contra varios puntos alrededor de la ciudad de Alepo, en el norte de Siria. El Ministerio de Defensa declar\u00f3 a SANA que aproximadamente a las 12:20 am de este lunes, 3 de junio de 2024, Israel perpetr\u00f3 ataque a\u00e9reo desde la &hellip;<\/p>\n","protected":false},"author":34,"featured_media":310226,"comment_status":"closed","ping_status":"closed","sticky":false,"template":"","format":"standard","meta":{"footnotes":""},"categories":[477,447,597,573,20724,476,583],"tags":[],"class_list":["post-330759","post","type-post","status-publish","format-standard","has-post-thumbnail","","category-noticias-edulcorantes","category-local-politica","category-cinta-de-noticias","category-la-realidad-de-los-acontecimientos-en-siria","category-minuto-a-minuto","category-locales","category-slide"],"_links":{"self":[{"href":"https:\/\/archive.sana.sy\/es\/index.php?rest_route=\/wp\/v2\/posts\/330759"}],"collection":[{"href":"https:\/\/archive.sana.sy\/es\/index.php?rest_route=\/wp\/v2\/posts"}],"about":[{"href":"https:\/\/archive.sana.sy\/es\/index.php?rest_route=\/wp\/v2\/types\/post"}],"author":[{"embeddable":true,"href":"https:\/\/archive.sana.sy\/es\/index.php?rest_route=\/wp\/v2\/users\/34"}],"replies":[{"embeddable":true,"href":"https:\/\/archive.sana.sy\/es\/index.php?rest_route=%2Fwp%2Fv2%2Fcomments&post=330759"}],"version-history":[{"count":1,"href":"https:\/\/archive.sana.sy\/es\/index.php?rest_route=\/wp\/v2\/posts\/330759\/revisions"}],"predecessor-version":[{"id":330760,"href":"https:\/\/archive.sana.sy\/es\/index.php?rest_route=\/wp\/v2\/posts\/330759\/revisions\/330760"}],"wp:featuredmedia":[{"embeddable":true,"href":"https:\/\/archive.sana.sy\/es\/index.php?rest_route=\/wp\/v2\/media\/310226"}],"wp:attachment":[{"href":"https:\/\/archive.sana.sy\/es\/index.php?rest_route=%2Fwp%2Fv2%2Fmedia&parent=330759"}],"wp:term":[{"taxonomy":"category","embeddable":true,"href":"https:\/\/archive.sana.sy\/es\/index.php?rest_route=%2Fwp%2Fv2%2Fcategories&post=330759"},{"taxonomy":"post_tag","embeddable":true,"href":"https:\/\/archive.sana.sy\/es\/index.php?rest_route=%2Fwp%2Fv2%2Ftags&post=330759"}],"curies":[{"name":"wp","href":"https:\/\/api.w.org\/{rel}","templated":true}]}}