{"id":330845,"date":"2024-06-04T20:00:52","date_gmt":"2024-06-04T17:00:52","guid":{"rendered":"https:\/\/sana.sy\/es\/?p=330845"},"modified":"2024-06-04T20:12:30","modified_gmt":"2024-06-04T17:12:30","slug":"rueda-de-prensa-de-los-cancilleres-de-siria-e-iran","status":"publish","type":"post","link":"https:\/\/archive.sana.sy\/es\/?p=330845","title":{"rendered":"Cancilleres de Siria e Ir\u00e1n reafirman alianza estrat\u00e9gica entre Damasco y Teher\u00e1n"},"content":{"rendered":"<p style=\"text-align: justify\"><span style=\"color: #800000\"><strong>Damasco, 4 jun (SANA) <\/strong><\/span>El ministro de Asuntos Exteriores y Expatriados de Siria, Faisal Al-Mekdad, afirm\u00f3 durante una conferencia de prensa con su hom\u00f3logo iran\u00ed, Ali Bagheri Kani, la importancia de continuar las relaciones estrat\u00e9gicas que unen los dos pa\u00edses y continuar la cooperaci\u00f3n para fortalecerlas.<\/p>\n<p style=\"text-align: justify\">El canciller sirio afirm\u00f3 que la condici\u00f3n b\u00e1sica para cualquier di\u00e1logo sirio-turco es que Ankara anuncie su disposici\u00f3n a retirarse de los territorios sirios que ocupa.<\/p>\n<p style=\"text-align: justify\">&#8220;Queremos ver promesas turcas concretas que reflejen el compromiso de Turqu\u00eda de retirarse de nuestras tierras ocupadas y dejar de apoyar a las organizaciones terroristas, asegur\u00f3 el jefe de la diplomacia siria.<\/p>\n<p style=\"text-align: justify\">A su vez, el canciller iran\u00ed reafirm\u00f3 el apoyo de su pa\u00eds a Siria en la lucha contra el terrorismo y para lograr una mayor estabilidad y desarrollo.<\/p>\n<p style=\"text-align: justify\">Bagheri Kani manifest\u00f3 en nombre del gobierno y el pueblo iran\u00edes, la gratitud y el aprecio al gobierno y al pueblo sirios por su solidaridad por la p\u00e9rdida del presidente Ebrahim Raisi y sus compa\u00f1eros en un accidente de helic\u00f3ptero.<\/p>\n<p style=\"text-align: justify\">Subray\u00f3 que su visita lleva otro mensaje de que su pa\u00eds mantendr\u00e1 su firme apoyo a la resistencia palestina frente al ocupante israel\u00ed. Explic\u00f3 que por esta raz\u00f3n las discusiones se centraron en el tema m\u00e1s importante para su pa\u00eds, para el mundo isl\u00e1mico y el mundo entero, que es la necesidad de detener de inmediato las salvajadas israel\u00edes contra el pueblo palestino en Gaza y entregarle la ayuda humanitaria de manera urgente e incondicional.<\/p>\n<div id='gallery-1' class='gallery galleryid-330845 gallery-columns-1 gallery-size-large'><figure class='gallery-item'>\n\t\t\t<div class='gallery-icon landscape'>\n\t\t\t\t<a href='https:\/\/archive.sana.sy\/es\/wp-content\/uploads\/2024\/06\/AMR_7568-scaled.jpg'><img loading=\"lazy\" decoding=\"async\" width=\"618\" height=\"412\" src=\"https:\/\/archive.sana.sy\/es\/wp-content\/uploads\/2024\/06\/AMR_7568-1024x683.jpg\" class=\"attachment-large size-large\" alt=\"\" srcset=\"https:\/\/archive.sana.sy\/es\/wp-content\/uploads\/2024\/06\/AMR_7568-1024x683.jpg 1024w, https:\/\/archive.sana.sy\/es\/wp-content\/uploads\/2024\/06\/AMR_7568-300x200.jpg 300w, https:\/\/archive.sana.sy\/es\/wp-content\/uploads\/2024\/06\/AMR_7568-150x100.jpg 150w, https:\/\/archive.sana.sy\/es\/wp-content\/uploads\/2024\/06\/AMR_7568-768x512.jpg 768w, https:\/\/archive.sana.sy\/es\/wp-content\/uploads\/2024\/06\/AMR_7568-1536x1024.jpg 1536w, https:\/\/archive.sana.sy\/es\/wp-content\/uploads\/2024\/06\/AMR_7568-2048x1365.jpg 2048w\" sizes=\"(max-width: 618px) 100vw, 618px\" \/><\/a>\n\t\t\t<\/div><\/figure><figure class='gallery-item'>\n\t\t\t<div class='gallery-icon landscape'>\n\t\t\t\t<a href='https:\/\/archive.sana.sy\/es\/wp-content\/uploads\/2024\/06\/AMR_7572-scaled.jpg'><img loading=\"lazy\" decoding=\"async\" width=\"618\" height=\"412\" src=\"https:\/\/archive.sana.sy\/es\/wp-content\/uploads\/2024\/06\/AMR_7572-1024x683.jpg\" class=\"attachment-large size-large\" alt=\"\" srcset=\"https:\/\/archive.sana.sy\/es\/wp-content\/uploads\/2024\/06\/AMR_7572-1024x683.jpg 1024w, https:\/\/archive.sana.sy\/es\/wp-content\/uploads\/2024\/06\/AMR_7572-300x200.jpg 300w, https:\/\/archive.sana.sy\/es\/wp-content\/uploads\/2024\/06\/AMR_7572-150x100.jpg 150w, https:\/\/archive.sana.sy\/es\/wp-content\/uploads\/2024\/06\/AMR_7572-768x512.jpg 768w, https:\/\/archive.sana.sy\/es\/wp-content\/uploads\/2024\/06\/AMR_7572-1536x1024.jpg 1536w, https:\/\/archive.sana.sy\/es\/wp-content\/uploads\/2024\/06\/AMR_7572-2048x1365.jpg 2048w\" sizes=\"(max-width: 618px) 100vw, 618px\" \/><\/a>\n\t\t\t<\/div><\/figure><figure class='gallery-item'>\n\t\t\t<div class='gallery-icon landscape'>\n\t\t\t\t<a href='https:\/\/archive.sana.sy\/es\/wp-content\/uploads\/2024\/06\/AMR_7582-scaled.jpg'><img loading=\"lazy\" decoding=\"async\" width=\"618\" height=\"401\" src=\"https:\/\/archive.sana.sy\/es\/wp-content\/uploads\/2024\/06\/AMR_7582-1024x664.jpg\" class=\"attachment-large size-large\" alt=\"\" srcset=\"https:\/\/archive.sana.sy\/es\/wp-content\/uploads\/2024\/06\/AMR_7582-1024x664.jpg 1024w, https:\/\/archive.sana.sy\/es\/wp-content\/uploads\/2024\/06\/AMR_7582-300x195.jpg 300w, https:\/\/archive.sana.sy\/es\/wp-content\/uploads\/2024\/06\/AMR_7582-150x97.jpg 150w, https:\/\/archive.sana.sy\/es\/wp-content\/uploads\/2024\/06\/AMR_7582-768x498.jpg 768w, https:\/\/archive.sana.sy\/es\/wp-content\/uploads\/2024\/06\/AMR_7582-1536x997.jpg 1536w, https:\/\/archive.sana.sy\/es\/wp-content\/uploads\/2024\/06\/AMR_7582-2048x1329.jpg 2048w\" sizes=\"(max-width: 618px) 100vw, 618px\" \/><\/a>\n\t\t\t<\/div><\/figure><figure class='gallery-item'>\n\t\t\t<div class='gallery-icon landscape'>\n\t\t\t\t<a href='https:\/\/archive.sana.sy\/es\/wp-content\/uploads\/2024\/06\/AMR_7588-scaled.jpg'><img loading=\"lazy\" decoding=\"async\" width=\"618\" height=\"412\" src=\"https:\/\/archive.sana.sy\/es\/wp-content\/uploads\/2024\/06\/AMR_7588-1024x683.jpg\" class=\"attachment-large size-large\" alt=\"\" srcset=\"https:\/\/archive.sana.sy\/es\/wp-content\/uploads\/2024\/06\/AMR_7588-1024x683.jpg 1024w, https:\/\/archive.sana.sy\/es\/wp-content\/uploads\/2024\/06\/AMR_7588-300x200.jpg 300w, https:\/\/archive.sana.sy\/es\/wp-content\/uploads\/2024\/06\/AMR_7588-150x100.jpg 150w, https:\/\/archive.sana.sy\/es\/wp-content\/uploads\/2024\/06\/AMR_7588-768x512.jpg 768w, https:\/\/archive.sana.sy\/es\/wp-content\/uploads\/2024\/06\/AMR_7588-1536x1024.jpg 1536w, https:\/\/archive.sana.sy\/es\/wp-content\/uploads\/2024\/06\/AMR_7588-2048x1365.jpg 2048w\" sizes=\"(max-width: 618px) 100vw, 618px\" \/><\/a>\n\t\t\t<\/div><\/figure>\n\t\t<\/div>\n\n<p style=\"text-align: justify\">fm\/ed\/la<\/p>\n<p style=\"text-align: justify\">\n","protected":false},"excerpt":{"rendered":"<p>Damasco, 4 jun (SANA) El ministro de Asuntos Exteriores y Expatriados de Siria, Faisal Al-Mekdad, afirm\u00f3 durante una conferencia de prensa con su hom\u00f3logo iran\u00ed, Ali Bagheri Kani, la importancia de continuar las relaciones estrat\u00e9gicas que unen los dos pa\u00edses y continuar la cooperaci\u00f3n para fortalecerlas. El canciller sirio afirm\u00f3 que la condici\u00f3n b\u00e1sica para &hellip;<\/p>\n","protected":false},"author":32,"featured_media":330854,"comment_status":"closed","ping_status":"closed","sticky":false,"template":"","format":"standard","meta":{"footnotes":""},"categories":[477,597,20724,476,467,583],"tags":[],"class_list":["post-330845","post","type-post","status-publish","format-standard","has-post-thumbnail","","category-noticias-edulcorantes","category-cinta-de-noticias","category-minuto-a-minuto","category-locales","category-siria-y-el-mundo","category-slide"],"_links":{"self":[{"href":"https:\/\/archive.sana.sy\/es\/index.php?rest_route=\/wp\/v2\/posts\/330845"}],"collection":[{"href":"https:\/\/archive.sana.sy\/es\/index.php?rest_route=\/wp\/v2\/posts"}],"about":[{"href":"https:\/\/archive.sana.sy\/es\/index.php?rest_route=\/wp\/v2\/types\/post"}],"author":[{"embeddable":true,"href":"https:\/\/archive.sana.sy\/es\/index.php?rest_route=\/wp\/v2\/users\/32"}],"replies":[{"embeddable":true,"href":"https:\/\/archive.sana.sy\/es\/index.php?rest_route=%2Fwp%2Fv2%2Fcomments&post=330845"}],"version-history":[{"count":6,"href":"https:\/\/archive.sana.sy\/es\/index.php?rest_route=\/wp\/v2\/posts\/330845\/revisions"}],"predecessor-version":[{"id":330919,"href":"https:\/\/archive.sana.sy\/es\/index.php?rest_route=\/wp\/v2\/posts\/330845\/revisions\/330919"}],"wp:featuredmedia":[{"embeddable":true,"href":"https:\/\/archive.sana.sy\/es\/index.php?rest_route=\/wp\/v2\/media\/330854"}],"wp:attachment":[{"href":"https:\/\/archive.sana.sy\/es\/index.php?rest_route=%2Fwp%2Fv2%2Fmedia&parent=330845"}],"wp:term":[{"taxonomy":"category","embeddable":true,"href":"https:\/\/archive.sana.sy\/es\/index.php?rest_route=%2Fwp%2Fv2%2Fcategories&post=330845"},{"taxonomy":"post_tag","embeddable":true,"href":"https:\/\/archive.sana.sy\/es\/index.php?rest_route=%2Fwp%2Fv2%2Ftags&post=330845"}],"curies":[{"name":"wp","href":"https:\/\/api.w.org\/{rel}","templated":true}]}}