{"id":330932,"date":"2024-06-04T19:36:26","date_gmt":"2024-06-04T16:36:26","guid":{"rendered":"https:\/\/sana.sy\/es\/?p=330932"},"modified":"2024-06-04T19:36:26","modified_gmt":"2024-06-04T16:36:26","slug":"resistencia-libanesa-ataca-varios-puestos-israelies-en-territorios-libaneses-ocupados","status":"publish","type":"post","link":"https:\/\/archive.sana.sy\/es\/?p=330932","title":{"rendered":"Resistencia libanesa ataca varios puestos israel\u00edes en territorios libaneses ocupados"},"content":{"rendered":"<p style=\"text-align: justify\"><span style=\"color: #800000\"><strong>Beirut, 04 jun (SANA)<\/strong><\/span> La Resistencia libanesa atac\u00f3 el cuartel israel\u00ed de Ramim en la aldea libanesa ocupada de Honin.<\/p>\n<p style=\"text-align: justify\">\u201cEn apoyo al firme pueblo palestino en la Franja de Gaza y a su valiente y honorable resistencia, nuestros combatientes atacaron el cuartel de Ramim con proyectiles de artiller\u00eda a las 9:15 de esta ma\u00f1ana\u201d, se\u00f1al\u00f3 en un comunicado.<\/p>\n<p style=\"text-align: justify\">Asimismo la Resistencia Isl\u00e1mica caus\u00f3 bajas entre las filas de los soldados israel\u00edes al atacar agrupaciones suyas en el bosque de Natawa, en las cercan\u00edas del Tri\u00e1ngulo de Tayhat, en Horsh Baram, y en las proximidades del sitio de Ramtha en las colinas libanesas ocupadas de Kfar Shuba, logrando dejar bajas entre sus filas.<\/p>\n<p style=\"text-align: justify\">De igual manera, la posici\u00f3n marina de Naqoura ha sido blanco de la artiller\u00eda de la Resistencia.<\/p>\n<p style=\"text-align: justify\">A las 17:05 pm de este martes, los combatientes libaneses atacaron con proyectiles de artiller\u00eda el sitio de Zibdin en las granjas libanesas ocupadas de Sheba a y lo impactaron directamente.<\/p>\n<p style=\"text-align: justify\">la<\/p>\n","protected":false},"excerpt":{"rendered":"<p>Beirut, 04 jun (SANA) La Resistencia libanesa atac\u00f3 el cuartel israel\u00ed de Ramim en la aldea libanesa ocupada de Honin. \u201cEn apoyo al firme pueblo palestino en la Franja de Gaza y a su valiente y honorable resistencia, nuestros combatientes atacaron el cuartel de Ramim con proyectiles de artiller\u00eda a las 9:15 de esta ma\u00f1ana\u201d, &hellip;<\/p>\n","protected":false},"author":24,"featured_media":330933,"comment_status":"closed","ping_status":"closed","sticky":false,"template":"","format":"standard","meta":{"footnotes":""},"categories":[597,456,20724,7541],"tags":[],"class_list":["post-330932","post","type-post","status-publish","format-standard","has-post-thumbnail","","category-cinta-de-noticias","category-arabe-internacional-politica","category-minuto-a-minuto","category-ultimas-noticias"],"_links":{"self":[{"href":"https:\/\/archive.sana.sy\/es\/index.php?rest_route=\/wp\/v2\/posts\/330932"}],"collection":[{"href":"https:\/\/archive.sana.sy\/es\/index.php?rest_route=\/wp\/v2\/posts"}],"about":[{"href":"https:\/\/archive.sana.sy\/es\/index.php?rest_route=\/wp\/v2\/types\/post"}],"author":[{"embeddable":true,"href":"https:\/\/archive.sana.sy\/es\/index.php?rest_route=\/wp\/v2\/users\/24"}],"replies":[{"embeddable":true,"href":"https:\/\/archive.sana.sy\/es\/index.php?rest_route=%2Fwp%2Fv2%2Fcomments&post=330932"}],"version-history":[{"count":1,"href":"https:\/\/archive.sana.sy\/es\/index.php?rest_route=\/wp\/v2\/posts\/330932\/revisions"}],"predecessor-version":[{"id":330934,"href":"https:\/\/archive.sana.sy\/es\/index.php?rest_route=\/wp\/v2\/posts\/330932\/revisions\/330934"}],"wp:featuredmedia":[{"embeddable":true,"href":"https:\/\/archive.sana.sy\/es\/index.php?rest_route=\/wp\/v2\/media\/330933"}],"wp:attachment":[{"href":"https:\/\/archive.sana.sy\/es\/index.php?rest_route=%2Fwp%2Fv2%2Fmedia&parent=330932"}],"wp:term":[{"taxonomy":"category","embeddable":true,"href":"https:\/\/archive.sana.sy\/es\/index.php?rest_route=%2Fwp%2Fv2%2Fcategories&post=330932"},{"taxonomy":"post_tag","embeddable":true,"href":"https:\/\/archive.sana.sy\/es\/index.php?rest_route=%2Fwp%2Fv2%2Ftags&post=330932"}],"curies":[{"name":"wp","href":"https:\/\/api.w.org\/{rel}","templated":true}]}}