{"id":330937,"date":"2024-06-04T19:46:53","date_gmt":"2024-06-04T16:46:53","guid":{"rendered":"https:\/\/sana.sy\/es\/?p=330937"},"modified":"2024-06-04T19:46:53","modified_gmt":"2024-06-04T16:46:53","slug":"71-muertos-y-182-heridos-en-nueva-jornada-de-la-sangrienta-agresion-israeli-contra-gaza","status":"publish","type":"post","link":"https:\/\/archive.sana.sy\/es\/?p=330937","title":{"rendered":"71 muertos y 182 heridos en nueva jornada de la sangrienta agresi\u00f3n israel\u00ed contra Gaza"},"content":{"rendered":"<p style=\"text-align: justify\"><span style=\"color: #800000\"><strong>Jerusal\u00e9n ocupada , 04 jun ( SANA)<\/strong><\/span> El Ministerio de Salud palestino inform\u00f3 que durante las \u00faltimas 24 horas, el ocupante israel\u00ed cometi\u00f3 7 masacres en Gaza, dejando 71 muertos y 182 heridos.<\/p>\n<p style=\"text-align: justify\">&#8220;El n\u00famero de v\u00edctimas de la actual agresi\u00f3n israel\u00ed a la Franja de Gaza aumenta a 36.550 muertos y 82.959 heridos&#8221;, indic\u00f3 en el Ministerio en su informe diario.<\/p>\n<p style=\"text-align: justify\">Durante el d\u00eda 242 de la agresi\u00f3n, el ej\u00e9rcito de ocupaci\u00f3n israel\u00ed mat\u00f3 a 15 palestinos e hiriendo a decenas.<\/p>\n<p style=\"text-align: justify\">De acuerdo con reportes de los medios palestinos, las fuerzas israel\u00edes atacaron un coche cerca de un centro de desplazados al norte de Deir al-Balah, en el centro de la Franja de Gaza, matando a ocho palestinos e hiriendo a decenas.<\/p>\n<p style=\"text-align: justify\">Asimismo, la artiller\u00eda del ej\u00e9rcito israel\u00ed bombarde\u00f3 los barrios de Al-Daraj y Al-Zaytoun en Gaza y varias zonas de Raf\u00e1, al sur de la Franja de Gaza, matando a 7 palestinos e hiriendo a decenas.<\/p>\n<p style=\"text-align: justify\">Por otro lado, los cuerpos de 14 palestinos fueron recuperados por la Defensa Civil en la localidad de Tal Al-Hawa, al sur de la ciudad de Gaza.<\/p>\n<p style=\"text-align: justify\">fm\/la<\/p>\n","protected":false},"excerpt":{"rendered":"<p>Jerusal\u00e9n ocupada , 04 jun ( SANA) El Ministerio de Salud palestino inform\u00f3 que durante las \u00faltimas 24 horas, el ocupante israel\u00ed cometi\u00f3 7 masacres en Gaza, dejando 71 muertos y 182 heridos. &#8220;El n\u00famero de v\u00edctimas de la actual agresi\u00f3n israel\u00ed a la Franja de Gaza aumenta a 36.550 muertos y 82.959 heridos&#8221;, indic\u00f3 &hellip;<\/p>\n","protected":false},"author":24,"featured_media":330938,"comment_status":"closed","ping_status":"closed","sticky":false,"template":"","format":"standard","meta":{"footnotes":""},"categories":[597,456,20724,583],"tags":[],"class_list":["post-330937","post","type-post","status-publish","format-standard","has-post-thumbnail","","category-cinta-de-noticias","category-arabe-internacional-politica","category-minuto-a-minuto","category-slide"],"_links":{"self":[{"href":"https:\/\/archive.sana.sy\/es\/index.php?rest_route=\/wp\/v2\/posts\/330937"}],"collection":[{"href":"https:\/\/archive.sana.sy\/es\/index.php?rest_route=\/wp\/v2\/posts"}],"about":[{"href":"https:\/\/archive.sana.sy\/es\/index.php?rest_route=\/wp\/v2\/types\/post"}],"author":[{"embeddable":true,"href":"https:\/\/archive.sana.sy\/es\/index.php?rest_route=\/wp\/v2\/users\/24"}],"replies":[{"embeddable":true,"href":"https:\/\/archive.sana.sy\/es\/index.php?rest_route=%2Fwp%2Fv2%2Fcomments&post=330937"}],"version-history":[{"count":1,"href":"https:\/\/archive.sana.sy\/es\/index.php?rest_route=\/wp\/v2\/posts\/330937\/revisions"}],"predecessor-version":[{"id":330939,"href":"https:\/\/archive.sana.sy\/es\/index.php?rest_route=\/wp\/v2\/posts\/330937\/revisions\/330939"}],"wp:featuredmedia":[{"embeddable":true,"href":"https:\/\/archive.sana.sy\/es\/index.php?rest_route=\/wp\/v2\/media\/330938"}],"wp:attachment":[{"href":"https:\/\/archive.sana.sy\/es\/index.php?rest_route=%2Fwp%2Fv2%2Fmedia&parent=330937"}],"wp:term":[{"taxonomy":"category","embeddable":true,"href":"https:\/\/archive.sana.sy\/es\/index.php?rest_route=%2Fwp%2Fv2%2Fcategories&post=330937"},{"taxonomy":"post_tag","embeddable":true,"href":"https:\/\/archive.sana.sy\/es\/index.php?rest_route=%2Fwp%2Fv2%2Ftags&post=330937"}],"curies":[{"name":"wp","href":"https:\/\/api.w.org\/{rel}","templated":true}]}}