{"id":330940,"date":"2024-06-04T19:50:57","date_gmt":"2024-06-04T16:50:57","guid":{"rendered":"https:\/\/sana.sy\/es\/?p=330940"},"modified":"2024-06-04T20:10:12","modified_gmt":"2024-06-04T17:10:12","slug":"el-mundo-vive-la-cifra-mas-elevada-de-guerras","status":"publish","type":"post","link":"https:\/\/archive.sana.sy\/es\/?p=330940","title":{"rendered":"El mundo vive la cifra m\u00e1s elevada de guerras"},"content":{"rendered":"<blockquote>\n<p style=\"text-align: justify\"><span style=\"color: #993300\">Hubo nueve guerras en 2023, una m\u00e1s que el a\u00f1o anterior y la cifra m\u00e1s alta desde 2017, puntualiza el estudio.<\/span><\/p>\n<p style=\"text-align: justify\"><span style=\"color: #993300\">La definici\u00f3n de guerra en la cual se basa ese estudio concibe un conflicto que resulta en al menos mil muertes en un a\u00f1o.<\/span><\/p>\n<\/blockquote>\n<p style=\"text-align: justify\"><span style=\"color: #800000\"><strong>Estocolmo, 04 jun (SANA)<\/strong><\/span> El n\u00famero de conflictos armados en los que se vieron involucrados varios Estados ascendi\u00f3 a 59 en el \u00faltimo a\u00f1o y el mundo vive hoy la mayor cifra de estos procesos desde que empezaron a contabilizarse en 1946.<\/p>\n<p style=\"text-align: justify\">As\u00ed lo confirm\u00f3 un estudio de la del Programa de Datos sobre Conflictos de Uppsala (UCDP) de la Universidad de Uppsala en Suecia que indica otros picos anteriores registrados en 2020 y 2022, cada uno con 56 contiendas b\u00e9licas.<\/p>\n<p style=\"text-align: justify\">La definici\u00f3n de guerra en la cual se basa ese estudio concibe un conflicto que resulta en al menos mil muertes en un a\u00f1o.<\/p>\n<p style=\"text-align: justify\">Esta investigaci\u00f3n, citada por Prensa Latina, se\u00f1ala adem\u00e1s que 2023 fue uno de los a\u00f1os m\u00e1s sangrientos desde que la UCDP comenz\u00f3 a recopilar datos sobre muertes en conflictos en 1989, con 154 mil v\u00edctimas mortales involucradas en eventos militares.<\/p>\n<p style=\"text-align: justify\">Hubo nueve guerras en 2023, una m\u00e1s que el a\u00f1o anterior y la cifra m\u00e1s alta desde 2017, puntualiza el estudio.<\/p>\n<p style=\"text-align: justify\">fm\/la<\/p>\n","protected":false},"excerpt":{"rendered":"<p>Hubo nueve guerras en 2023, una m\u00e1s que el a\u00f1o anterior y la cifra m\u00e1s alta desde 2017, puntualiza el estudio. La definici\u00f3n de guerra en la cual se basa ese estudio concibe un conflicto que resulta en al menos mil muertes en un a\u00f1o. Estocolmo, 04 jun (SANA) El n\u00famero de conflictos armados en &hellip;<\/p>\n","protected":false},"author":24,"featured_media":330941,"comment_status":"closed","ping_status":"closed","sticky":false,"template":"","format":"standard","meta":{"footnotes":""},"categories":[597,456,20724,583],"tags":[],"class_list":["post-330940","post","type-post","status-publish","format-standard","has-post-thumbnail","","category-cinta-de-noticias","category-arabe-internacional-politica","category-minuto-a-minuto","category-slide"],"_links":{"self":[{"href":"https:\/\/archive.sana.sy\/es\/index.php?rest_route=\/wp\/v2\/posts\/330940"}],"collection":[{"href":"https:\/\/archive.sana.sy\/es\/index.php?rest_route=\/wp\/v2\/posts"}],"about":[{"href":"https:\/\/archive.sana.sy\/es\/index.php?rest_route=\/wp\/v2\/types\/post"}],"author":[{"embeddable":true,"href":"https:\/\/archive.sana.sy\/es\/index.php?rest_route=\/wp\/v2\/users\/24"}],"replies":[{"embeddable":true,"href":"https:\/\/archive.sana.sy\/es\/index.php?rest_route=%2Fwp%2Fv2%2Fcomments&post=330940"}],"version-history":[{"count":1,"href":"https:\/\/archive.sana.sy\/es\/index.php?rest_route=\/wp\/v2\/posts\/330940\/revisions"}],"predecessor-version":[{"id":330942,"href":"https:\/\/archive.sana.sy\/es\/index.php?rest_route=\/wp\/v2\/posts\/330940\/revisions\/330942"}],"wp:featuredmedia":[{"embeddable":true,"href":"https:\/\/archive.sana.sy\/es\/index.php?rest_route=\/wp\/v2\/media\/330941"}],"wp:attachment":[{"href":"https:\/\/archive.sana.sy\/es\/index.php?rest_route=%2Fwp%2Fv2%2Fmedia&parent=330940"}],"wp:term":[{"taxonomy":"category","embeddable":true,"href":"https:\/\/archive.sana.sy\/es\/index.php?rest_route=%2Fwp%2Fv2%2Fcategories&post=330940"},{"taxonomy":"post_tag","embeddable":true,"href":"https:\/\/archive.sana.sy\/es\/index.php?rest_route=%2Fwp%2Fv2%2Ftags&post=330940"}],"curies":[{"name":"wp","href":"https:\/\/api.w.org\/{rel}","templated":true}]}}