{"id":330943,"date":"2024-06-04T19:57:56","date_gmt":"2024-06-04T16:57:56","guid":{"rendered":"https:\/\/sana.sy\/es\/?p=330943"},"modified":"2024-06-04T19:57:56","modified_gmt":"2024-06-04T16:57:56","slug":"%d1%81hina-despliega-su-bandera-en-la-cara-oculta-de-la-luna","status":"publish","type":"post","link":"https:\/\/archive.sana.sy\/es\/?p=330943","title":{"rendered":"\u0421hina despliega su bandera en la cara oculta de la Luna"},"content":{"rendered":"<blockquote>\n<p style=\"text-align: justify\"><span style=\"color: #800000\">&#8220;Esta es la primera vez que China exhibe de forma independiente y din\u00e1mica su bandera nacional en la cara oculta de la Luna&#8221;<\/span><\/p>\n<\/blockquote>\n<p style=\"text-align: justify\"><span style=\"color: #800000\"><strong>Beijing, 04 jun (SANA)<\/strong> <\/span>La Administraci\u00f3n Espacial Nacional China inform\u00f3 que el m\u00f3dulo de aterrizaje Chang&#8217;e-6 instal\u00f3 una bandera nacional china en la cara oculta de la Luna.<\/p>\n<p style=\"text-align: justify\">El despliegue de la bandera fabricada con &#8220;nuevos materiales compuestos&#8221;, marc\u00f3 el punto final de la misi\u00f3n no tripulada en la cuenca Aitken, cerca del polo sur del sat\u00e9lite natural de la Tierra.<\/p>\n<p style=\"text-align: justify\">&#8220;Esta es la primera vez que China exhibe de forma independiente y din\u00e1mica su bandera nacional en la cara oculta de la Luna&#8221;, afirman en la agencia.<\/p>\n<p style=\"text-align: justify\">La exitosa misi\u00f3n ha validado importantes avances tecnol\u00f3gicos en el marco del programa espacial chino, que pretende llevar a una persona a la Luna antes del final de esta d\u00e9cada.<\/p>\n<p>fm\/la<\/p>\n","protected":false},"excerpt":{"rendered":"<p>&#8220;Esta es la primera vez que China exhibe de forma independiente y din\u00e1mica su bandera nacional en la cara oculta de la Luna&#8221; Beijing, 04 jun (SANA) La Administraci\u00f3n Espacial Nacional China inform\u00f3 que el m\u00f3dulo de aterrizaje Chang&#8217;e-6 instal\u00f3 una bandera nacional china en la cara oculta de la Luna. El despliegue de la &hellip;<\/p>\n","protected":false},"author":24,"featured_media":330944,"comment_status":"closed","ping_status":"closed","sticky":false,"template":"","format":"standard","meta":{"footnotes":""},"categories":[597,456,20724,7541],"tags":[],"class_list":["post-330943","post","type-post","status-publish","format-standard","has-post-thumbnail","","category-cinta-de-noticias","category-arabe-internacional-politica","category-minuto-a-minuto","category-ultimas-noticias"],"_links":{"self":[{"href":"https:\/\/archive.sana.sy\/es\/index.php?rest_route=\/wp\/v2\/posts\/330943"}],"collection":[{"href":"https:\/\/archive.sana.sy\/es\/index.php?rest_route=\/wp\/v2\/posts"}],"about":[{"href":"https:\/\/archive.sana.sy\/es\/index.php?rest_route=\/wp\/v2\/types\/post"}],"author":[{"embeddable":true,"href":"https:\/\/archive.sana.sy\/es\/index.php?rest_route=\/wp\/v2\/users\/24"}],"replies":[{"embeddable":true,"href":"https:\/\/archive.sana.sy\/es\/index.php?rest_route=%2Fwp%2Fv2%2Fcomments&post=330943"}],"version-history":[{"count":1,"href":"https:\/\/archive.sana.sy\/es\/index.php?rest_route=\/wp\/v2\/posts\/330943\/revisions"}],"predecessor-version":[{"id":330945,"href":"https:\/\/archive.sana.sy\/es\/index.php?rest_route=\/wp\/v2\/posts\/330943\/revisions\/330945"}],"wp:featuredmedia":[{"embeddable":true,"href":"https:\/\/archive.sana.sy\/es\/index.php?rest_route=\/wp\/v2\/media\/330944"}],"wp:attachment":[{"href":"https:\/\/archive.sana.sy\/es\/index.php?rest_route=%2Fwp%2Fv2%2Fmedia&parent=330943"}],"wp:term":[{"taxonomy":"category","embeddable":true,"href":"https:\/\/archive.sana.sy\/es\/index.php?rest_route=%2Fwp%2Fv2%2Fcategories&post=330943"},{"taxonomy":"post_tag","embeddable":true,"href":"https:\/\/archive.sana.sy\/es\/index.php?rest_route=%2Fwp%2Fv2%2Ftags&post=330943"}],"curies":[{"name":"wp","href":"https:\/\/api.w.org\/{rel}","templated":true}]}}