{"id":330978,"date":"2024-06-05T10:55:53","date_gmt":"2024-06-05T07:55:53","guid":{"rendered":"https:\/\/sana.sy\/es\/?p=330978"},"modified":"2024-06-05T10:56:40","modified_gmt":"2024-06-05T07:56:40","slug":"parlamento-de-eslovenia-reconoce-oficialmente-al-estado-palestino","status":"publish","type":"post","link":"https:\/\/archive.sana.sy\/es\/?p=330978","title":{"rendered":"Parlamento de Eslovenia reconoce oficialmente al Estado palestino"},"content":{"rendered":"<p><span style=\"color: #800000;\"><strong>Liubliana, 5 jun (SANA)\u00a0<\/strong> \u00a0<\/span>El Parlamento de Eslovenia ratific\u00f3 una descisi\u00f3n en favor del reconocimiento del Estado de Palestina.<\/p>\n<p>La Agence France-Presse (AFP)\u00a0 inform\u00f3 que un total de 52 de los 90 miembros del Parlamento votaron a favor del reconocimiento, lo que convierte a Eslovenia, que es miembro de la Uni\u00f3n Europea y de la OTAN, en el cuarto pa\u00eds europeo en tomar esta medida.<\/p>\n<p>Eslovenia reconoci\u00f3 oficialmente a Palestina como Estado independiente y soberano\u201d, public\u00f3 el Ministerio de Exteriores de Eslovenia en su cuenta de X.<\/p>\n<p>La canciller eslovena Tanja Fajon, se\u00f1al\u00f3 que esta decisi\u00f3n es un mensaje de esperanza y paz para el pueblo palestino.<\/p>\n<p><strong>ws\/fm<\/strong><\/p>\n","protected":false},"excerpt":{"rendered":"<p>Liubliana, 5 jun (SANA)\u00a0 \u00a0El Parlamento de Eslovenia ratific\u00f3 una descisi\u00f3n en favor del reconocimiento del Estado de Palestina. La Agence France-Presse (AFP)\u00a0 inform\u00f3 que un total de 52 de los 90 miembros del Parlamento votaron a favor del reconocimiento, lo que convierte a Eslovenia, que es miembro de la Uni\u00f3n Europea y de la &hellip;<\/p>\n","protected":false},"author":35,"featured_media":330979,"comment_status":"closed","ping_status":"closed","sticky":false,"template":"","format":"standard","meta":{"footnotes":""},"categories":[597,456,16687,20724,7541],"tags":[],"class_list":["post-330978","post","type-post","status-publish","format-standard","has-post-thumbnail","","category-cinta-de-noticias","category-arabe-internacional-politica","category-internacionales","category-minuto-a-minuto","category-ultimas-noticias"],"_links":{"self":[{"href":"https:\/\/archive.sana.sy\/es\/index.php?rest_route=\/wp\/v2\/posts\/330978"}],"collection":[{"href":"https:\/\/archive.sana.sy\/es\/index.php?rest_route=\/wp\/v2\/posts"}],"about":[{"href":"https:\/\/archive.sana.sy\/es\/index.php?rest_route=\/wp\/v2\/types\/post"}],"author":[{"embeddable":true,"href":"https:\/\/archive.sana.sy\/es\/index.php?rest_route=\/wp\/v2\/users\/35"}],"replies":[{"embeddable":true,"href":"https:\/\/archive.sana.sy\/es\/index.php?rest_route=%2Fwp%2Fv2%2Fcomments&post=330978"}],"version-history":[{"count":1,"href":"https:\/\/archive.sana.sy\/es\/index.php?rest_route=\/wp\/v2\/posts\/330978\/revisions"}],"predecessor-version":[{"id":330980,"href":"https:\/\/archive.sana.sy\/es\/index.php?rest_route=\/wp\/v2\/posts\/330978\/revisions\/330980"}],"wp:featuredmedia":[{"embeddable":true,"href":"https:\/\/archive.sana.sy\/es\/index.php?rest_route=\/wp\/v2\/media\/330979"}],"wp:attachment":[{"href":"https:\/\/archive.sana.sy\/es\/index.php?rest_route=%2Fwp%2Fv2%2Fmedia&parent=330978"}],"wp:term":[{"taxonomy":"category","embeddable":true,"href":"https:\/\/archive.sana.sy\/es\/index.php?rest_route=%2Fwp%2Fv2%2Fcategories&post=330978"},{"taxonomy":"post_tag","embeddable":true,"href":"https:\/\/archive.sana.sy\/es\/index.php?rest_route=%2Fwp%2Fv2%2Ftags&post=330978"}],"curies":[{"name":"wp","href":"https:\/\/api.w.org\/{rel}","templated":true}]}}