{"id":330984,"date":"2024-06-05T11:01:59","date_gmt":"2024-06-05T08:01:59","guid":{"rendered":"https:\/\/sana.sy\/es\/?p=330984"},"modified":"2024-06-05T11:02:30","modified_gmt":"2024-06-05T08:02:30","slug":"21-muertos-y-decenas-de-heridos-en-bombardeos-israelies-en-gaza","status":"publish","type":"post","link":"https:\/\/archive.sana.sy\/es\/?p=330984","title":{"rendered":"21 muertos y decenas de heridos en bombardeos israel\u00edes en Gaza"},"content":{"rendered":"<p style=\"text-align: justify;\"><span style=\"color: #800000;\"><strong>Jerusal\u00e9n ocupada, 5 jun (SANA)\u00a0 \u00a0<\/strong><\/span>21 palestinos fueron asesinados y decenas resultaron heridos por bombardeos israel\u00edes perpetrados durante el d\u00eda 243 de la guerra genocida israel\u00ed contra la asolada Franja de Gaza.<\/p>\n<p style=\"text-align: justify;\">La agencia de noticias Wafa inform\u00f3 que durante las \u00faltimas horas, el ocupante bombarde\u00f3 casas en Deir Al-Balah, los campamentos de Al-Maghazi y Al-Bureij en el centro de la Franja de Gaza, matando a 21 palestinos e hiriendo a decenas.<\/p>\n<p style=\"text-align: justify;\">Tambi\u00e9n atac\u00f3 con artiller\u00eda el barrio Al-Zaytoun en la ciudad de Gaza, hiriendo a 7 palestinos.<\/p>\n<p style=\"text-align: justify;\">De igual manera, fueron bombardeados los barrios de Tal Al-Hawa y Sheikh Ajlin en Gaza y varios vecindarios de Raf\u00e1 y Jan Yunis, al sur de la Franja de Gaza.<\/p>\n<p style=\"text-align: justify;\">El Ministerio de Salud palestino anunci\u00f3 la vispera que el n\u00famero de v\u00edctimas de la agresi\u00f3n en curso contra Gaza aument\u00f3 a 63.550 muertos y 82.959 heridos, la mayor\u00eda son mujeres y ni\u00f1os.<\/p>\n","protected":false},"excerpt":{"rendered":"<p>Jerusal\u00e9n ocupada, 5 jun (SANA)\u00a0 \u00a021 palestinos fueron asesinados y decenas resultaron heridos por bombardeos israel\u00edes perpetrados durante el d\u00eda 243 de la guerra genocida israel\u00ed contra la asolada Franja de Gaza. La agencia de noticias Wafa inform\u00f3 que durante las \u00faltimas horas, el ocupante bombarde\u00f3 casas en Deir Al-Balah, los campamentos de Al-Maghazi y &hellip;<\/p>\n","protected":false},"author":35,"featured_media":330985,"comment_status":"closed","ping_status":"closed","sticky":false,"template":"","format":"standard","meta":{"footnotes":""},"categories":[597,456,16687,20724,7541],"tags":[],"class_list":["post-330984","post","type-post","status-publish","format-standard","has-post-thumbnail","","category-cinta-de-noticias","category-arabe-internacional-politica","category-internacionales","category-minuto-a-minuto","category-ultimas-noticias"],"_links":{"self":[{"href":"https:\/\/archive.sana.sy\/es\/index.php?rest_route=\/wp\/v2\/posts\/330984"}],"collection":[{"href":"https:\/\/archive.sana.sy\/es\/index.php?rest_route=\/wp\/v2\/posts"}],"about":[{"href":"https:\/\/archive.sana.sy\/es\/index.php?rest_route=\/wp\/v2\/types\/post"}],"author":[{"embeddable":true,"href":"https:\/\/archive.sana.sy\/es\/index.php?rest_route=\/wp\/v2\/users\/35"}],"replies":[{"embeddable":true,"href":"https:\/\/archive.sana.sy\/es\/index.php?rest_route=%2Fwp%2Fv2%2Fcomments&post=330984"}],"version-history":[{"count":2,"href":"https:\/\/archive.sana.sy\/es\/index.php?rest_route=\/wp\/v2\/posts\/330984\/revisions"}],"predecessor-version":[{"id":330987,"href":"https:\/\/archive.sana.sy\/es\/index.php?rest_route=\/wp\/v2\/posts\/330984\/revisions\/330987"}],"wp:featuredmedia":[{"embeddable":true,"href":"https:\/\/archive.sana.sy\/es\/index.php?rest_route=\/wp\/v2\/media\/330985"}],"wp:attachment":[{"href":"https:\/\/archive.sana.sy\/es\/index.php?rest_route=%2Fwp%2Fv2%2Fmedia&parent=330984"}],"wp:term":[{"taxonomy":"category","embeddable":true,"href":"https:\/\/archive.sana.sy\/es\/index.php?rest_route=%2Fwp%2Fv2%2Fcategories&post=330984"},{"taxonomy":"post_tag","embeddable":true,"href":"https:\/\/archive.sana.sy\/es\/index.php?rest_route=%2Fwp%2Fv2%2Ftags&post=330984"}],"curies":[{"name":"wp","href":"https:\/\/api.w.org\/{rel}","templated":true}]}}