{"id":331004,"date":"2024-06-06T12:00:38","date_gmt":"2024-06-06T09:00:38","guid":{"rendered":"https:\/\/sana.sy\/es\/?p=331004"},"modified":"2024-06-06T17:45:34","modified_gmt":"2024-06-06T14:45:34","slug":"cuba-tierra-llena-de-belleza-natural-y-de-cultura-vibrante-y-diversa","status":"publish","type":"post","link":"https:\/\/archive.sana.sy\/es\/?p=331004","title":{"rendered":"Cuba, tierra llena de belleza natural y de cultura vibrante y diversa"},"content":{"rendered":"<p style=\"text-align: justify;\"><strong><span style=\"color: #800000;\">La Habana, 05 jun (SANA)\u00a0<\/span><\/strong> \u00a0La isla caribe\u00f1a es el hogar del habano, un producto 100% cubano hecho a mano y se ha convertido en un s\u00edmbolo y tradici\u00f3n del pa\u00eds latinoamericano, y a\u00fan m\u00e1s, en un estilo de vida y arte.<\/p>\n<p style=\"text-align: justify;\"><img loading=\"lazy\" decoding=\"async\" class=\"size-medium wp-image-331056 alignright\" src=\"http:\/\/sana.sy\/es\/wp-content\/uploads\/2024\/06\/El-habano-y-la-cultura-cubana-300x169.jpg\" alt=\"\" width=\"300\" height=\"169\" srcset=\"https:\/\/archive.sana.sy\/es\/wp-content\/uploads\/2024\/06\/El-habano-y-la-cultura-cubana-300x169.jpg 300w, https:\/\/archive.sana.sy\/es\/wp-content\/uploads\/2024\/06\/El-habano-y-la-cultura-cubana-1024x577.jpg 1024w, https:\/\/archive.sana.sy\/es\/wp-content\/uploads\/2024\/06\/El-habano-y-la-cultura-cubana-150x84.jpg 150w, https:\/\/archive.sana.sy\/es\/wp-content\/uploads\/2024\/06\/El-habano-y-la-cultura-cubana-768x433.jpg 768w, https:\/\/archive.sana.sy\/es\/wp-content\/uploads\/2024\/06\/El-habano-y-la-cultura-cubana.jpg 1140w\" sizes=\"(max-width: 300px) 100vw, 300px\" \/><\/p>\n<p style=\"text-align: justify;\">Cada 29 de mayo se celebra el d\u00eda del trabajador tabacalero en honor al inolvidable l\u00edder obrero cubano L\u00e1zaro Pe\u00f1a coincidiendo con su nacimiento.<\/p>\n<p style=\"text-align: justify;\">La tradici\u00f3n del cultivo del tabaco en la isla se remonta a los pueblos ind\u00edgenas que vivieron all\u00ed durante siglos.<\/p>\n<p style=\"text-align: justify;\">La provincia de Pinar del R\u00edo es donde esta planta se da como en ning\u00fan otro sitio. Las mareas vegetales en las f\u00e9rtiles tierras del lugar pre\u00f1an la provincia de infinitos mantos verdes en \u00e9poca de siembras.<\/p>\n<p style=\"text-align: justify;\">\u00bfQui\u00e9n no ha pensado alguna vez en probar un renombrado puro cubano? El oro verde del pa\u00eds y reconocido en todo el planeta por su calidad y, adem\u00e1s, se les considera uno de los productos emblema de la isla.<\/p>\n<p style=\"text-align: justify;\"><strong>Watfeh Salloum\/\/fm<\/strong><\/p>\n<div id='gallery-1' class='gallery galleryid-331004 gallery-columns-1 gallery-size-full'><figure class='gallery-item'>\n\t\t\t<div class='gallery-icon landscape'>\n\t\t\t\t<a href='https:\/\/archive.sana.sy\/es\/wp-content\/uploads\/2024\/06\/04-1140.jpg'><img loading=\"lazy\" decoding=\"async\" width=\"1140\" height=\"642\" src=\"https:\/\/archive.sana.sy\/es\/wp-content\/uploads\/2024\/06\/04-1140.jpg\" class=\"attachment-full size-full\" alt=\"\" srcset=\"https:\/\/archive.sana.sy\/es\/wp-content\/uploads\/2024\/06\/04-1140.jpg 1140w, https:\/\/archive.sana.sy\/es\/wp-content\/uploads\/2024\/06\/04-1140-300x169.jpg 300w, https:\/\/archive.sana.sy\/es\/wp-content\/uploads\/2024\/06\/04-1140-1024x577.jpg 1024w, https:\/\/archive.sana.sy\/es\/wp-content\/uploads\/2024\/06\/04-1140-150x84.jpg 150w, https:\/\/archive.sana.sy\/es\/wp-content\/uploads\/2024\/06\/04-1140-768x433.jpg 768w\" sizes=\"(max-width: 1140px) 100vw, 1140px\" \/><\/a>\n\t\t\t<\/div><\/figure><figure class='gallery-item'>\n\t\t\t<div class='gallery-icon landscape'>\n\t\t\t\t<a href='https:\/\/archive.sana.sy\/es\/wp-content\/uploads\/2024\/06\/07-1140.jpg'><img loading=\"lazy\" decoding=\"async\" width=\"1140\" height=\"642\" src=\"https:\/\/archive.sana.sy\/es\/wp-content\/uploads\/2024\/06\/07-1140.jpg\" class=\"attachment-full size-full\" alt=\"\" srcset=\"https:\/\/archive.sana.sy\/es\/wp-content\/uploads\/2024\/06\/07-1140.jpg 1140w, https:\/\/archive.sana.sy\/es\/wp-content\/uploads\/2024\/06\/07-1140-300x169.jpg 300w, https:\/\/archive.sana.sy\/es\/wp-content\/uploads\/2024\/06\/07-1140-1024x577.jpg 1024w, https:\/\/archive.sana.sy\/es\/wp-content\/uploads\/2024\/06\/07-1140-150x84.jpg 150w, https:\/\/archive.sana.sy\/es\/wp-content\/uploads\/2024\/06\/07-1140-768x433.jpg 768w\" sizes=\"(max-width: 1140px) 100vw, 1140px\" \/><\/a>\n\t\t\t<\/div><\/figure><figure class='gallery-item'>\n\t\t\t<div class='gallery-icon landscape'>\n\t\t\t\t<a href='https:\/\/archive.sana.sy\/es\/wp-content\/uploads\/2024\/06\/08-1140.jpg'><img loading=\"lazy\" decoding=\"async\" width=\"1140\" height=\"642\" src=\"https:\/\/archive.sana.sy\/es\/wp-content\/uploads\/2024\/06\/08-1140.jpg\" class=\"attachment-full size-full\" alt=\"\" srcset=\"https:\/\/archive.sana.sy\/es\/wp-content\/uploads\/2024\/06\/08-1140.jpg 1140w, https:\/\/archive.sana.sy\/es\/wp-content\/uploads\/2024\/06\/08-1140-300x169.jpg 300w, https:\/\/archive.sana.sy\/es\/wp-content\/uploads\/2024\/06\/08-1140-1024x577.jpg 1024w, https:\/\/archive.sana.sy\/es\/wp-content\/uploads\/2024\/06\/08-1140-150x84.jpg 150w, https:\/\/archive.sana.sy\/es\/wp-content\/uploads\/2024\/06\/08-1140-768x433.jpg 768w\" sizes=\"(max-width: 1140px) 100vw, 1140px\" \/><\/a>\n\t\t\t<\/div><\/figure><figure class='gallery-item'>\n\t\t\t<div class='gallery-icon landscape'>\n\t\t\t\t<a href='https:\/\/archive.sana.sy\/es\/wp-content\/uploads\/2024\/06\/campo_de_tabaco_en_cuba.jpg'><img loading=\"lazy\" decoding=\"async\" width=\"1200\" height=\"800\" src=\"https:\/\/archive.sana.sy\/es\/wp-content\/uploads\/2024\/06\/campo_de_tabaco_en_cuba.jpg\" class=\"attachment-full size-full\" alt=\"\" srcset=\"https:\/\/archive.sana.sy\/es\/wp-content\/uploads\/2024\/06\/campo_de_tabaco_en_cuba.jpg 1200w, https:\/\/archive.sana.sy\/es\/wp-content\/uploads\/2024\/06\/campo_de_tabaco_en_cuba-300x200.jpg 300w, https:\/\/archive.sana.sy\/es\/wp-content\/uploads\/2024\/06\/campo_de_tabaco_en_cuba-1024x683.jpg 1024w, https:\/\/archive.sana.sy\/es\/wp-content\/uploads\/2024\/06\/campo_de_tabaco_en_cuba-150x100.jpg 150w, https:\/\/archive.sana.sy\/es\/wp-content\/uploads\/2024\/06\/campo_de_tabaco_en_cuba-768x512.jpg 768w\" sizes=\"(max-width: 1200px) 100vw, 1200px\" \/><\/a>\n\t\t\t<\/div><\/figure><figure class='gallery-item'>\n\t\t\t<div class='gallery-icon landscape'>\n\t\t\t\t<a href='https:\/\/archive.sana.sy\/es\/wp-content\/uploads\/2024\/06\/depositphotos_72795829-stock-photo-retro-camera-and-cuban-flag.webp'><img loading=\"lazy\" decoding=\"async\" width=\"600\" height=\"400\" src=\"https:\/\/archive.sana.sy\/es\/wp-content\/uploads\/2024\/06\/depositphotos_72795829-stock-photo-retro-camera-and-cuban-flag.webp\" class=\"attachment-full size-full\" alt=\"\" srcset=\"https:\/\/archive.sana.sy\/es\/wp-content\/uploads\/2024\/06\/depositphotos_72795829-stock-photo-retro-camera-and-cuban-flag.webp 600w, https:\/\/archive.sana.sy\/es\/wp-content\/uploads\/2024\/06\/depositphotos_72795829-stock-photo-retro-camera-and-cuban-flag-300x200.webp 300w, https:\/\/archive.sana.sy\/es\/wp-content\/uploads\/2024\/06\/depositphotos_72795829-stock-photo-retro-camera-and-cuban-flag-150x100.webp 150w\" sizes=\"(max-width: 600px) 100vw, 600px\" \/><\/a>\n\t\t\t<\/div><\/figure>\n\t\t<\/div>\n\n<p style=\"text-align: justify;\">\n","protected":false},"excerpt":{"rendered":"<p>La Habana, 05 jun (SANA)\u00a0 \u00a0La isla caribe\u00f1a es el hogar del habano, un producto 100% cubano hecho a mano y se ha convertido en un s\u00edmbolo y tradici\u00f3n del pa\u00eds latinoamericano, y a\u00fan m\u00e1s, en un estilo de vida y arte. Cada 29 de mayo se celebra el d\u00eda del trabajador tabacalero en honor &hellip;<\/p>\n","protected":false},"author":35,"featured_media":331052,"comment_status":"closed","ping_status":"closed","sticky":false,"template":"","format":"standard","meta":{"footnotes":""},"categories":[597,510,16686,483,485,456,16687,20724,7541],"tags":[],"class_list":["post-331004","post","type-post","status-publish","format-standard","has-post-thumbnail","","category-cinta-de-noticias","category-arte-y-cultura","category-economia","category-negocios-y-finanzas","category-informes-negocios-y-finanzas","category-arabe-internacional-politica","category-internacionales","category-minuto-a-minuto","category-ultimas-noticias"],"_links":{"self":[{"href":"https:\/\/archive.sana.sy\/es\/index.php?rest_route=\/wp\/v2\/posts\/331004"}],"collection":[{"href":"https:\/\/archive.sana.sy\/es\/index.php?rest_route=\/wp\/v2\/posts"}],"about":[{"href":"https:\/\/archive.sana.sy\/es\/index.php?rest_route=\/wp\/v2\/types\/post"}],"author":[{"embeddable":true,"href":"https:\/\/archive.sana.sy\/es\/index.php?rest_route=\/wp\/v2\/users\/35"}],"replies":[{"embeddable":true,"href":"https:\/\/archive.sana.sy\/es\/index.php?rest_route=%2Fwp%2Fv2%2Fcomments&post=331004"}],"version-history":[{"count":3,"href":"https:\/\/archive.sana.sy\/es\/index.php?rest_route=\/wp\/v2\/posts\/331004\/revisions"}],"predecessor-version":[{"id":331134,"href":"https:\/\/archive.sana.sy\/es\/index.php?rest_route=\/wp\/v2\/posts\/331004\/revisions\/331134"}],"wp:featuredmedia":[{"embeddable":true,"href":"https:\/\/archive.sana.sy\/es\/index.php?rest_route=\/wp\/v2\/media\/331052"}],"wp:attachment":[{"href":"https:\/\/archive.sana.sy\/es\/index.php?rest_route=%2Fwp%2Fv2%2Fmedia&parent=331004"}],"wp:term":[{"taxonomy":"category","embeddable":true,"href":"https:\/\/archive.sana.sy\/es\/index.php?rest_route=%2Fwp%2Fv2%2Fcategories&post=331004"},{"taxonomy":"post_tag","embeddable":true,"href":"https:\/\/archive.sana.sy\/es\/index.php?rest_route=%2Fwp%2Fv2%2Ftags&post=331004"}],"curies":[{"name":"wp","href":"https:\/\/api.w.org\/{rel}","templated":true}]}}