{"id":331022,"date":"2024-06-05T17:23:05","date_gmt":"2024-06-05T14:23:05","guid":{"rendered":"https:\/\/sana.sy\/es\/?p=331022"},"modified":"2024-06-05T17:26:29","modified_gmt":"2024-06-05T14:26:29","slug":"fuerzas-rusas-alcanzan-un-lugar-de-almacenamiento-de-lanchas-no-tripuladas-ucranianas","status":"publish","type":"post","link":"https:\/\/archive.sana.sy\/es\/?p=331022","title":{"rendered":"Fuerzas rusas alcanzan un lugar de almacenamiento de lanchas no tripuladas ucranianas"},"content":{"rendered":"<p style=\"text-align: justify\"><span style=\"color: #800000\"><strong>Mosc\u00fa, 05 jun (SANA)<\/strong> <\/span>El Ministerio de Defensa de Rusia ofreci\u00f3 hoy su informe sobre la operaci\u00f3n militar especial y asegur\u00f3 que en la zona de operaciones del grupo Norte, las bajas del Ej\u00e9rcito ucraniano ascendieron a 290 militares, 2 tanques, 2 veh\u00edculos blindados de transporte de tropas M113 y 3 coches.<\/p>\n<p style=\"text-align: justify\">Citado por TASS, el ente castrense indic\u00f3 que como resultado de acciones del grupo Oeste, Kiev perdi\u00f3 545 militares, 5 veh\u00edculos blindados, 4 camionetas y 3 obuses.<\/p>\n<p style=\"text-align: justify\">En la zona de responsabilidad del grupo Sur, las p\u00e9rdidas de las Fuerzas Ucranianas fueron de 230 efectivos, 3 veh\u00edculos blindados de combate, varios obuses y otro equipo militar.<\/p>\n<p style=\"text-align: justify\">De igual manera, Kiev perdi\u00f3 360 militares, 2 veh\u00edculos blindados, 3 autom\u00f3viles y una estaci\u00f3n de guerra electr\u00f3nica, en el \u00e1rea de operaciones del grupo Centro.<\/p>\n<p>Como resultado de acciones del grupo Este, las p\u00e9rdidas de tropas ucranianas fueron de 125 soldados, un tanque, 5 coches y un ob\u00fas M777 de fabricaci\u00f3n estadounidense.<\/p>\n<p style=\"text-align: justify\">Asimismo, las fuerzas rusas alcanzaron un lugar de almacenamiento de lanchas no tripuladas ucranianas.<\/p>\n<p style=\"text-align: justify\">Los sistemas rusos de defensa antia\u00e9rea derribaron 55 drones, 10 proyectiles HIMARS y Olja, dos bombas Hammer y dos misiles del sisema de defensa antia\u00e9rea Patriot.<\/p>\n<p style=\"text-align: justify\">fm\/la<\/p>\n","protected":false},"excerpt":{"rendered":"<p>Mosc\u00fa, 05 jun (SANA) El Ministerio de Defensa de Rusia ofreci\u00f3 hoy su informe sobre la operaci\u00f3n militar especial y asegur\u00f3 que en la zona de operaciones del grupo Norte, las bajas del Ej\u00e9rcito ucraniano ascendieron a 290 militares, 2 tanques, 2 veh\u00edculos blindados de transporte de tropas M113 y 3 coches. Citado por TASS, &hellip;<\/p>\n","protected":false},"author":24,"featured_media":331025,"comment_status":"closed","ping_status":"closed","sticky":false,"template":"","format":"standard","meta":{"footnotes":""},"categories":[597,456,20724,583],"tags":[],"class_list":["post-331022","post","type-post","status-publish","format-standard","has-post-thumbnail","","category-cinta-de-noticias","category-arabe-internacional-politica","category-minuto-a-minuto","category-slide"],"_links":{"self":[{"href":"https:\/\/archive.sana.sy\/es\/index.php?rest_route=\/wp\/v2\/posts\/331022"}],"collection":[{"href":"https:\/\/archive.sana.sy\/es\/index.php?rest_route=\/wp\/v2\/posts"}],"about":[{"href":"https:\/\/archive.sana.sy\/es\/index.php?rest_route=\/wp\/v2\/types\/post"}],"author":[{"embeddable":true,"href":"https:\/\/archive.sana.sy\/es\/index.php?rest_route=\/wp\/v2\/users\/24"}],"replies":[{"embeddable":true,"href":"https:\/\/archive.sana.sy\/es\/index.php?rest_route=%2Fwp%2Fv2%2Fcomments&post=331022"}],"version-history":[{"count":2,"href":"https:\/\/archive.sana.sy\/es\/index.php?rest_route=\/wp\/v2\/posts\/331022\/revisions"}],"predecessor-version":[{"id":331026,"href":"https:\/\/archive.sana.sy\/es\/index.php?rest_route=\/wp\/v2\/posts\/331022\/revisions\/331026"}],"wp:featuredmedia":[{"embeddable":true,"href":"https:\/\/archive.sana.sy\/es\/index.php?rest_route=\/wp\/v2\/media\/331025"}],"wp:attachment":[{"href":"https:\/\/archive.sana.sy\/es\/index.php?rest_route=%2Fwp%2Fv2%2Fmedia&parent=331022"}],"wp:term":[{"taxonomy":"category","embeddable":true,"href":"https:\/\/archive.sana.sy\/es\/index.php?rest_route=%2Fwp%2Fv2%2Fcategories&post=331022"},{"taxonomy":"post_tag","embeddable":true,"href":"https:\/\/archive.sana.sy\/es\/index.php?rest_route=%2Fwp%2Fv2%2Ftags&post=331022"}],"curies":[{"name":"wp","href":"https:\/\/api.w.org\/{rel}","templated":true}]}}