{"id":331029,"date":"2024-06-05T19:12:17","date_gmt":"2024-06-05T16:12:17","guid":{"rendered":"https:\/\/sana.sy\/es\/?p=331029"},"modified":"2024-06-05T19:35:09","modified_gmt":"2024-06-05T16:35:09","slug":"israel-comete-nuevas-masacres-en-gaza-y-el-balance-de-las-victimas-asciende-a-36-586","status":"publish","type":"post","link":"https:\/\/archive.sana.sy\/es\/?p=331029","title":{"rendered":"Israel comete nuevas masacres en Gaza y el balance de las v\u00edctimas asciende a 36.586"},"content":{"rendered":"<p style=\"text-align: justify\"><span style=\"color: #800000\"><strong>Jerusal\u00e9n ocupada, 05 jun (SANA)<\/strong> <\/span>Israel cometi\u00f3 durante las \u00faltimas 24 horas 4 masacres contra familias en la Franja de Gaza, las cuales se cobraron la vida de 36 personas y dejaron 115 heridos, seg\u00fan inform\u00f3 el Ministerio de Salud este mi\u00e9rcoles.<\/p>\n<p style=\"text-align: justify\">En un comunicado, el Ministerio inform\u00f3 que el balance de v\u00edctimas de la continua agresi\u00f3n israel\u00ed que ha empezado hace 243 d\u00edas contra la Franja ha aumentado a 36.586 m\u00e1rtires y 83.074 heridos, la mayor\u00eda de los cuales son ni\u00f1os y mujeres.<\/p>\n<p style=\"text-align: justify\">Agreg\u00f3 que esta cifra no incluye a las v\u00edctimas que se encuentran debajo de los escombros y en las carreteras,\u00a0 inaccesible por los equipos de ambulancias y de defensa civil.<\/p>\n<p style=\"text-align: justify\">Reiter\u00f3 su llamamiento a la comunidad internacional para que intervenga urgentemente e introduzca gas\u00f3leo en la Franja de Gaza, especialmente en el norte, subrayando que los equipos m\u00e9dicos hacen todo lo posible para brindar los servicios m\u00ednimos despu\u00e9s de que la ocupaci\u00f3n destruyera casi la totalidad de la infraestructura sanitaria de de Gaza.<\/p>\n<p style=\"text-align: justify\">la<\/p>\n","protected":false},"excerpt":{"rendered":"<p>Jerusal\u00e9n ocupada, 05 jun (SANA) Israel cometi\u00f3 durante las \u00faltimas 24 horas 4 masacres contra familias en la Franja de Gaza, las cuales se cobraron la vida de 36 personas y dejaron 115 heridos, seg\u00fan inform\u00f3 el Ministerio de Salud este mi\u00e9rcoles. En un comunicado, el Ministerio inform\u00f3 que el balance de v\u00edctimas de la &hellip;<\/p>\n","protected":false},"author":24,"featured_media":331030,"comment_status":"closed","ping_status":"closed","sticky":false,"template":"","format":"standard","meta":{"footnotes":""},"categories":[597,456,20724,7541],"tags":[],"class_list":["post-331029","post","type-post","status-publish","format-standard","has-post-thumbnail","","category-cinta-de-noticias","category-arabe-internacional-politica","category-minuto-a-minuto","category-ultimas-noticias"],"_links":{"self":[{"href":"https:\/\/archive.sana.sy\/es\/index.php?rest_route=\/wp\/v2\/posts\/331029"}],"collection":[{"href":"https:\/\/archive.sana.sy\/es\/index.php?rest_route=\/wp\/v2\/posts"}],"about":[{"href":"https:\/\/archive.sana.sy\/es\/index.php?rest_route=\/wp\/v2\/types\/post"}],"author":[{"embeddable":true,"href":"https:\/\/archive.sana.sy\/es\/index.php?rest_route=\/wp\/v2\/users\/24"}],"replies":[{"embeddable":true,"href":"https:\/\/archive.sana.sy\/es\/index.php?rest_route=%2Fwp%2Fv2%2Fcomments&post=331029"}],"version-history":[{"count":2,"href":"https:\/\/archive.sana.sy\/es\/index.php?rest_route=\/wp\/v2\/posts\/331029\/revisions"}],"predecessor-version":[{"id":331038,"href":"https:\/\/archive.sana.sy\/es\/index.php?rest_route=\/wp\/v2\/posts\/331029\/revisions\/331038"}],"wp:featuredmedia":[{"embeddable":true,"href":"https:\/\/archive.sana.sy\/es\/index.php?rest_route=\/wp\/v2\/media\/331030"}],"wp:attachment":[{"href":"https:\/\/archive.sana.sy\/es\/index.php?rest_route=%2Fwp%2Fv2%2Fmedia&parent=331029"}],"wp:term":[{"taxonomy":"category","embeddable":true,"href":"https:\/\/archive.sana.sy\/es\/index.php?rest_route=%2Fwp%2Fv2%2Fcategories&post=331029"},{"taxonomy":"post_tag","embeddable":true,"href":"https:\/\/archive.sana.sy\/es\/index.php?rest_route=%2Fwp%2Fv2%2Ftags&post=331029"}],"curies":[{"name":"wp","href":"https:\/\/api.w.org\/{rel}","templated":true}]}}