{"id":331035,"date":"2024-06-05T19:06:50","date_gmt":"2024-06-05T16:06:50","guid":{"rendered":"https:\/\/sana.sy\/es\/?p=331035"},"modified":"2024-06-05T19:06:50","modified_gmt":"2024-06-05T16:06:50","slug":"siria-participa-en-el-foro-economico-internacional-de-san-petersburgo","status":"publish","type":"post","link":"https:\/\/archive.sana.sy\/es\/?p=331035","title":{"rendered":"Siria participa en el Foro Econ\u00f3mico Internacional de San Petersburgo"},"content":{"rendered":"<p style=\"text-align: justify\"><span style=\"color: #800000\"><strong>Mosc\u00fa, 05 jun (SANA)<\/strong><\/span> Las actividades del Foro Econ\u00f3mico Internacional de San Petersburgo (SPIEF en sus siglas en ingl\u00e9s) han comenzado hoy en medio de una amplia participaci\u00f3n internacional y \u00e1rabe, incluida Siria, y continuar\u00e1n hasta el ocho de este mes.<\/p>\n<p style=\"text-align: justify\">La delegaci\u00f3n que representa a Siria ser\u00e1 encabezada por el Ministro de Finanzas, Kenan Yaghi.<\/p>\n<p style=\"text-align: justify\">Este a\u00f1o el SPIEF \u00a0se celebrar\u00e1 bajo el t\u00edtulo &#8220;La formaci\u00f3n de nuevas \u00e1reas de crecimiento como piedra angular de un mundo multipolar\u201d.<\/p>\n<p style=\"text-align: justify\">Los eventos programados incluyen reuniones para peque\u00f1as y medianas empresas, industrias creativas, el D\u00eda de la Juventud del SPIEF, entre otros foros.<\/p>\n<p style=\"text-align: justify\">Es de destacar que el presidente ruso, Vladimir Putin hablar\u00e1 ma\u00f1ana el 7 de junio en la sesi\u00f3n plenaria.<\/p>\n<p style=\"text-align: justify\">la<\/p>\n<p style=\"text-align: justify\">\n<p style=\"text-align: justify\">\n<p style=\"text-align: justify\">\n","protected":false},"excerpt":{"rendered":"<p>Mosc\u00fa, 05 jun (SANA) Las actividades del Foro Econ\u00f3mico Internacional de San Petersburgo (SPIEF en sus siglas en ingl\u00e9s) han comenzado hoy en medio de una amplia participaci\u00f3n internacional y \u00e1rabe, incluida Siria, y continuar\u00e1n hasta el ocho de este mes. La delegaci\u00f3n que representa a Siria ser\u00e1 encabezada por el Ministro de Finanzas, Kenan &hellip;<\/p>\n","protected":false},"author":24,"featured_media":331036,"comment_status":"closed","ping_status":"closed","sticky":false,"template":"","format":"standard","meta":{"footnotes":""},"categories":[597,456,20724,467,7541],"tags":[],"class_list":["post-331035","post","type-post","status-publish","format-standard","has-post-thumbnail","","category-cinta-de-noticias","category-arabe-internacional-politica","category-minuto-a-minuto","category-siria-y-el-mundo","category-ultimas-noticias"],"_links":{"self":[{"href":"https:\/\/archive.sana.sy\/es\/index.php?rest_route=\/wp\/v2\/posts\/331035"}],"collection":[{"href":"https:\/\/archive.sana.sy\/es\/index.php?rest_route=\/wp\/v2\/posts"}],"about":[{"href":"https:\/\/archive.sana.sy\/es\/index.php?rest_route=\/wp\/v2\/types\/post"}],"author":[{"embeddable":true,"href":"https:\/\/archive.sana.sy\/es\/index.php?rest_route=\/wp\/v2\/users\/24"}],"replies":[{"embeddable":true,"href":"https:\/\/archive.sana.sy\/es\/index.php?rest_route=%2Fwp%2Fv2%2Fcomments&post=331035"}],"version-history":[{"count":1,"href":"https:\/\/archive.sana.sy\/es\/index.php?rest_route=\/wp\/v2\/posts\/331035\/revisions"}],"predecessor-version":[{"id":331037,"href":"https:\/\/archive.sana.sy\/es\/index.php?rest_route=\/wp\/v2\/posts\/331035\/revisions\/331037"}],"wp:featuredmedia":[{"embeddable":true,"href":"https:\/\/archive.sana.sy\/es\/index.php?rest_route=\/wp\/v2\/media\/331036"}],"wp:attachment":[{"href":"https:\/\/archive.sana.sy\/es\/index.php?rest_route=%2Fwp%2Fv2%2Fmedia&parent=331035"}],"wp:term":[{"taxonomy":"category","embeddable":true,"href":"https:\/\/archive.sana.sy\/es\/index.php?rest_route=%2Fwp%2Fv2%2Fcategories&post=331035"},{"taxonomy":"post_tag","embeddable":true,"href":"https:\/\/archive.sana.sy\/es\/index.php?rest_route=%2Fwp%2Fv2%2Ftags&post=331035"}],"curies":[{"name":"wp","href":"https:\/\/api.w.org\/{rel}","templated":true}]}}