{"id":331039,"date":"2024-06-05T19:29:42","date_gmt":"2024-06-05T16:29:42","guid":{"rendered":"https:\/\/sana.sy\/es\/?p=331039"},"modified":"2024-06-05T19:46:52","modified_gmt":"2024-06-05T16:46:52","slug":"escuadron-de-drones-de-la-resistencia-libanesa-ataca-puestos-israelies-al-sur-de-al-kush","status":"publish","type":"post","link":"https:\/\/archive.sana.sy\/es\/?p=331039","title":{"rendered":"Escuadr\u00f3n de drones de la Resistencia libanesa ataca puestos israel\u00edes en el sur de la colonia Kush"},"content":{"rendered":"<p style=\"text-align: justify\"><span style=\"color: #800000\"><strong>Beirut, 05 jun (SANA)<\/strong><\/span> Los combatientes de la Resistencia Isl\u00e1mica lanzaron hoy un ataque a\u00e9reo con un escuadr\u00f3n de drones de asalto contra una nueva concentraci\u00f3n de militares israel\u00edes en el sur de la colonia Kush.<\/p>\n<p style=\"text-align: justify\">Los veh\u00edculos no tripulados impactaron en los lugares y asentamientos de los oficiales y soldados del enemigo, provocando muertos y heridos entre sus filas, inform\u00f3 la Resistencia en una declaraci\u00f3n emitida esta tarde<\/p>\n<p style=\"text-align: justify\">Esta operaci\u00f3n se realiza en apoyo al pueblo palestino en la Franja de Gaza, y en respuesta a las agresiones del enemigo israel\u00ed y los asesinatos que llev\u00f3 a cabo, especialmente ayer en la ciudad costera de Naqoura en el sur del L\u00edbano.<\/p>\n<p style=\"text-align: justify\">Pocas horas antes, la Resistencia libanesa hab\u00eda atacado con un misil guiado la plataforma de la C\u00fapula de Hierro en el cuartel de Ramot Naftali, y la destruy\u00f3 por completo.<\/p>\n<p style=\"text-align: justify\">Asimismo, la artiller\u00eda de la Resistencia bombarde\u00f3 el sitio de al-Smaqa en las colinas libanesas ocupadas de Kafr Shuba, y alcanz\u00f3 una agrupaci\u00f3n de soldados israel\u00edes en el sitio de al-Malkiyeh.<\/p>\n<p>&nbsp;<\/p>\n<p style=\"text-align: justify\">la<\/p>\n<p style=\"text-align: justify\">\n","protected":false},"excerpt":{"rendered":"<p>Beirut, 05 jun (SANA) Los combatientes de la Resistencia Isl\u00e1mica lanzaron hoy un ataque a\u00e9reo con un escuadr\u00f3n de drones de asalto contra una nueva concentraci\u00f3n de militares israel\u00edes en el sur de la colonia Kush. Los veh\u00edculos no tripulados impactaron en los lugares y asentamientos de los oficiales y soldados del enemigo, provocando muertos &hellip;<\/p>\n","protected":false},"author":24,"featured_media":329071,"comment_status":"closed","ping_status":"closed","sticky":false,"template":"","format":"standard","meta":{"footnotes":""},"categories":[597,456,20724,7541],"tags":[],"class_list":["post-331039","post","type-post","status-publish","format-standard","has-post-thumbnail","","category-cinta-de-noticias","category-arabe-internacional-politica","category-minuto-a-minuto","category-ultimas-noticias"],"_links":{"self":[{"href":"https:\/\/archive.sana.sy\/es\/index.php?rest_route=\/wp\/v2\/posts\/331039"}],"collection":[{"href":"https:\/\/archive.sana.sy\/es\/index.php?rest_route=\/wp\/v2\/posts"}],"about":[{"href":"https:\/\/archive.sana.sy\/es\/index.php?rest_route=\/wp\/v2\/types\/post"}],"author":[{"embeddable":true,"href":"https:\/\/archive.sana.sy\/es\/index.php?rest_route=\/wp\/v2\/users\/24"}],"replies":[{"embeddable":true,"href":"https:\/\/archive.sana.sy\/es\/index.php?rest_route=%2Fwp%2Fv2%2Fcomments&post=331039"}],"version-history":[{"count":4,"href":"https:\/\/archive.sana.sy\/es\/index.php?rest_route=\/wp\/v2\/posts\/331039\/revisions"}],"predecessor-version":[{"id":331043,"href":"https:\/\/archive.sana.sy\/es\/index.php?rest_route=\/wp\/v2\/posts\/331039\/revisions\/331043"}],"wp:featuredmedia":[{"embeddable":true,"href":"https:\/\/archive.sana.sy\/es\/index.php?rest_route=\/wp\/v2\/media\/329071"}],"wp:attachment":[{"href":"https:\/\/archive.sana.sy\/es\/index.php?rest_route=%2Fwp%2Fv2%2Fmedia&parent=331039"}],"wp:term":[{"taxonomy":"category","embeddable":true,"href":"https:\/\/archive.sana.sy\/es\/index.php?rest_route=%2Fwp%2Fv2%2Fcategories&post=331039"},{"taxonomy":"post_tag","embeddable":true,"href":"https:\/\/archive.sana.sy\/es\/index.php?rest_route=%2Fwp%2Fv2%2Ftags&post=331039"}],"curies":[{"name":"wp","href":"https:\/\/api.w.org\/{rel}","templated":true}]}}