{"id":331044,"date":"2024-06-06T05:32:55","date_gmt":"2024-06-06T02:32:55","guid":{"rendered":"https:\/\/sana.sy\/es\/?p=331044"},"modified":"2024-06-06T05:34:03","modified_gmt":"2024-06-06T02:34:03","slug":"siria-pide-desde-ginebra-el-levantamiento-del-bloqueo-y-una-intervencion-internacional-efectiva-para-apoyar-los-esfuerzos-de-reconstruccion","status":"publish","type":"post","link":"https:\/\/archive.sana.sy\/es\/?p=331044","title":{"rendered":"Siria pide desde Ginebra el levantamiento del bloqueo y una intervenci\u00f3n internacional efectiva para apoyar los esfuerzos de reconstrucci\u00f3n"},"content":{"rendered":"<p style=\"text-align: justify;\"><span style=\"color: #800000;\"><strong>Ginebra, 6 jun (SANA)<\/strong> <\/span>El presidente de la Federaci\u00f3n General de Sindicatos, Jamal Al-Qadiri, pidi\u00f3 hoy el levantamiento de las medidas coercitivas unilaterales occidentales impuestas a los pueblos de Siria, Rusia, Ir\u00e1n, Cuba, Venezuela y todos los pa\u00edses libres e independientes, y consider\u00f3 que estas medidas fueron impuestas ilegalmente y en violaci\u00f3n del derecho internacional.<\/p>\n<p style=\"text-align: justify;\">Al-Qadri afirm\u00f3 en un discurso ante la Conferencia Internacional del Trabajo en su actual 112\u00ba per\u00edodo de sesiones celebrado en Ginebra, que el pueblo sirio venci\u00f3 los grupos terroristas y sus patrocinadores mientras las fuerzas de ocupaci\u00f3n extranjeras contin\u00faan exacerbando el sufrimiento econ\u00f3mico del pueblo y de trabajadores sirios y limitan los esfuerzos del Estado en la reconstrucci\u00f3n y construcci\u00f3n de la econom\u00eda al saquear el petr\u00f3leo, gas y trigo.<\/p>\n<p style=\"text-align: justify;\"><img loading=\"lazy\" decoding=\"async\" class=\"wp-image-331047 alignleft\" src=\"http:\/\/sana.sy\/es\/wp-content\/uploads\/2024\/06\/photo_2024-06-05_23-17-53.jpg\" alt=\"\" width=\"357\" height=\"221\" srcset=\"https:\/\/archive.sana.sy\/es\/wp-content\/uploads\/2024\/06\/photo_2024-06-05_23-17-53.jpg 660w, https:\/\/archive.sana.sy\/es\/wp-content\/uploads\/2024\/06\/photo_2024-06-05_23-17-53-300x186.jpg 300w, https:\/\/archive.sana.sy\/es\/wp-content\/uploads\/2024\/06\/photo_2024-06-05_23-17-53-150x93.jpg 150w\" sizes=\"(max-width: 357px) 100vw, 357px\" \/>Destac\u00f3 que los esfuerzos de reconstrucci\u00f3n requieren una intervenci\u00f3n internacional efectiva para ayudar al pueblo sirio a reconstruir su econom\u00eda y su infraestructura que fueron destruidas por el terrorismo y sus partidarios, y pidi\u00f3 a la Organizaci\u00f3n Internacional del Trabajo que intensifique y aumente los esfuerzos y proyectos que apoyen el proceso de producci\u00f3n.<\/p>\n<p style=\"text-align: justify;\">Al-Qadri denunci\u00f3 la guerra genocida que est\u00e1n llevando a cabo las fuerzas de ocupaci\u00f3n israel\u00edes contra los palestinos indefensos en la Franja de Gaza y en toda Palestina, y las graves violaciones que est\u00e1 cometiendo contra los trabajadores en la Palestina ocupada, el Gol\u00e1n sirio ocupado y las granjas libanesas de Shebaa.<\/p>\n<p style=\"text-align: justify;\">Por \u00faltimo, expres\u00f3 su esperanza de que se celebren elecciones transparentes y justas de la Junta Directiva de la Organizaci\u00f3n Internacional del Trabajo para detener algunas tendencias de politizaci\u00f3n de su trabajo.<\/p>\n<p style=\"text-align: justify;\">fm<\/p>\n","protected":false},"excerpt":{"rendered":"<p>Ginebra, 6 jun (SANA) El presidente de la Federaci\u00f3n General de Sindicatos, Jamal Al-Qadiri, pidi\u00f3 hoy el levantamiento de las medidas coercitivas unilaterales occidentales impuestas a los pueblos de Siria, Rusia, Ir\u00e1n, Cuba, Venezuela y todos los pa\u00edses libres e independientes, y consider\u00f3 que estas medidas fueron impuestas ilegalmente y en violaci\u00f3n del derecho internacional. &hellip;<\/p>\n","protected":false},"author":34,"featured_media":331045,"comment_status":"closed","ping_status":"closed","sticky":false,"template":"","format":"standard","meta":{"footnotes":""},"categories":[477,447,597,20724,476,583],"tags":[],"class_list":["post-331044","post","type-post","status-publish","format-standard","has-post-thumbnail","","category-noticias-edulcorantes","category-local-politica","category-cinta-de-noticias","category-minuto-a-minuto","category-locales","category-slide"],"_links":{"self":[{"href":"https:\/\/archive.sana.sy\/es\/index.php?rest_route=\/wp\/v2\/posts\/331044"}],"collection":[{"href":"https:\/\/archive.sana.sy\/es\/index.php?rest_route=\/wp\/v2\/posts"}],"about":[{"href":"https:\/\/archive.sana.sy\/es\/index.php?rest_route=\/wp\/v2\/types\/post"}],"author":[{"embeddable":true,"href":"https:\/\/archive.sana.sy\/es\/index.php?rest_route=\/wp\/v2\/users\/34"}],"replies":[{"embeddable":true,"href":"https:\/\/archive.sana.sy\/es\/index.php?rest_route=%2Fwp%2Fv2%2Fcomments&post=331044"}],"version-history":[{"count":3,"href":"https:\/\/archive.sana.sy\/es\/index.php?rest_route=\/wp\/v2\/posts\/331044\/revisions"}],"predecessor-version":[{"id":331049,"href":"https:\/\/archive.sana.sy\/es\/index.php?rest_route=\/wp\/v2\/posts\/331044\/revisions\/331049"}],"wp:featuredmedia":[{"embeddable":true,"href":"https:\/\/archive.sana.sy\/es\/index.php?rest_route=\/wp\/v2\/media\/331045"}],"wp:attachment":[{"href":"https:\/\/archive.sana.sy\/es\/index.php?rest_route=%2Fwp%2Fv2%2Fmedia&parent=331044"}],"wp:term":[{"taxonomy":"category","embeddable":true,"href":"https:\/\/archive.sana.sy\/es\/index.php?rest_route=%2Fwp%2Fv2%2Fcategories&post=331044"},{"taxonomy":"post_tag","embeddable":true,"href":"https:\/\/archive.sana.sy\/es\/index.php?rest_route=%2Fwp%2Fv2%2Ftags&post=331044"}],"curies":[{"name":"wp","href":"https:\/\/api.w.org\/{rel}","templated":true}]}}