{"id":331066,"date":"2024-06-06T12:53:21","date_gmt":"2024-06-06T09:53:21","guid":{"rendered":"https:\/\/sana.sy\/es\/?p=331066"},"modified":"2024-06-06T12:57:09","modified_gmt":"2024-06-06T09:57:09","slug":"masacres-en-gaza-desmitifica-que-no-es-una-guerra-sino-aniquilacion-de-civiles","status":"publish","type":"post","link":"https:\/\/archive.sana.sy\/es\/?p=331066","title":{"rendered":"Masacres en Gaza desmitifica que no es una guerra, sino \u201caniquilaci\u00f3n&#8221; de civiles"},"content":{"rendered":"<p style=\"text-align: justify;\"><strong><span style=\"color: #800000;\">Mosc\u00fa, 06 jun (SANA)\u00a0<\/span><\/strong> \u00a0 \u00a0El presidente ruso, Vlad\u00edmir Putin, declar\u00f3 que la situaci\u00f3n en la Franja de Gaza se convirti\u00f3 en una aniquilaci\u00f3n total\u00a0 bajo el pretexto de enfrentar los ataques terroristas en Israel.<\/p>\n<p style=\"text-align: justify;\">En una rueda de prensa con directores de agencias de noticias internacionales, Putin\u00a0explic\u00f3 que este\u00a0 genocidio cometido por las fuerzas israel\u00edes es el resultado de la pol\u00edtica estadounidense, que ha monopolizado la resoluci\u00f3n del conflicto palestino-israel\u00ed.<\/p>\n<p style=\"text-align: justify;\">No hay duda de que lo que ocurre a diario en el enclave costero\u00a0es una\u00a0 aniquilaci\u00f3n que nada tiene que ver con la guerra, afirm\u00f3\u00a0 el jefe del Estado ruso.<\/p>\n<p style=\"text-align: justify;\">Insisti\u00f3 en la importancia de crear una atm\u00f3sfera de soluci\u00f3n de ciertos problemas, sobre todo resolver cuestiones pol\u00edticas.<\/p>\n<p style=\"text-align: justify;\"><strong>ws\/fm<\/strong><\/p>\n","protected":false},"excerpt":{"rendered":"<p>Mosc\u00fa, 06 jun (SANA)\u00a0 \u00a0 \u00a0El presidente ruso, Vlad\u00edmir Putin, declar\u00f3 que la situaci\u00f3n en la Franja de Gaza se convirti\u00f3 en una aniquilaci\u00f3n total\u00a0 bajo el pretexto de enfrentar los ataques terroristas en Israel. En una rueda de prensa con directores de agencias de noticias internacionales, Putin\u00a0explic\u00f3 que este\u00a0 genocidio cometido por las fuerzas &hellip;<\/p>\n","protected":false},"author":35,"featured_media":331067,"comment_status":"closed","ping_status":"closed","sticky":false,"template":"","format":"standard","meta":{"footnotes":""},"categories":[597,456,16687,20724,7541],"tags":[],"class_list":["post-331066","post","type-post","status-publish","format-standard","has-post-thumbnail","","category-cinta-de-noticias","category-arabe-internacional-politica","category-internacionales","category-minuto-a-minuto","category-ultimas-noticias"],"_links":{"self":[{"href":"https:\/\/archive.sana.sy\/es\/index.php?rest_route=\/wp\/v2\/posts\/331066"}],"collection":[{"href":"https:\/\/archive.sana.sy\/es\/index.php?rest_route=\/wp\/v2\/posts"}],"about":[{"href":"https:\/\/archive.sana.sy\/es\/index.php?rest_route=\/wp\/v2\/types\/post"}],"author":[{"embeddable":true,"href":"https:\/\/archive.sana.sy\/es\/index.php?rest_route=\/wp\/v2\/users\/35"}],"replies":[{"embeddable":true,"href":"https:\/\/archive.sana.sy\/es\/index.php?rest_route=%2Fwp%2Fv2%2Fcomments&post=331066"}],"version-history":[{"count":2,"href":"https:\/\/archive.sana.sy\/es\/index.php?rest_route=\/wp\/v2\/posts\/331066\/revisions"}],"predecessor-version":[{"id":331069,"href":"https:\/\/archive.sana.sy\/es\/index.php?rest_route=\/wp\/v2\/posts\/331066\/revisions\/331069"}],"wp:featuredmedia":[{"embeddable":true,"href":"https:\/\/archive.sana.sy\/es\/index.php?rest_route=\/wp\/v2\/media\/331067"}],"wp:attachment":[{"href":"https:\/\/archive.sana.sy\/es\/index.php?rest_route=%2Fwp%2Fv2%2Fmedia&parent=331066"}],"wp:term":[{"taxonomy":"category","embeddable":true,"href":"https:\/\/archive.sana.sy\/es\/index.php?rest_route=%2Fwp%2Fv2%2Fcategories&post=331066"},{"taxonomy":"post_tag","embeddable":true,"href":"https:\/\/archive.sana.sy\/es\/index.php?rest_route=%2Fwp%2Fv2%2Ftags&post=331066"}],"curies":[{"name":"wp","href":"https:\/\/api.w.org\/{rel}","templated":true}]}}