{"id":331108,"date":"2024-06-06T15:50:58","date_gmt":"2024-06-06T12:50:58","guid":{"rendered":"https:\/\/sana.sy\/es\/?p=331108"},"modified":"2024-06-06T15:50:58","modified_gmt":"2024-06-06T12:50:58","slug":"shoigu-cualquier-negociacion-sobre-ucrania-sin-la-participacion-de-rusia-es-inutil","status":"publish","type":"post","link":"https:\/\/archive.sana.sy\/es\/?p=331108","title":{"rendered":"Shoig\u00fa: Cualquier negociaci\u00f3n sobre Ucrania sin la participaci\u00f3n de Rusia es in\u00fatil"},"content":{"rendered":"<p style=\"text-align: justify;\"><span style=\"color: #800000;\"><strong>Mosc\u00fa, 06 jun (SANA)\u00a0 <\/strong><\/span>El secretario del Consejo de Seguridad ruso, Sergu\u00e9i Shoig\u00fa, confirm\u00f3 que cualquier negociaci\u00f3n sobre Ucrania sin la participaci\u00f3n de Rusia es in\u00fatil y no dar\u00e1 ning\u00fan resultado.<\/p>\n<p style=\"text-align: justify;\">\u201cLa llamada Conferencia de Paz est\u00e1 programada para celebrarse en Suiza y uno de sus objetivos es dar una apariencia de legitimidad al presidente ucraniano Vladimir Zelensky al frente de Ucrania, pero sin Rusia cualquier forma de negociaci\u00f3n con respecto a Ucrania no sirve de nada, adem\u00e1s de que los pa\u00edses de la OTAN no luchan por la paz\u201d, difundi\u00f3 Sputnik citando a Shoig\u00fa durante una reuni\u00f3n del Comit\u00e9 de S\u00edndicos de los Consejos de Seguridad de la Organizaci\u00f3n del Tratado de Seguridad Colectiva (OTSC).<\/p>\n<p style=\"text-align: justify;\">A su vez, Vladimir Jokhlov, portavoz de la embajada rusa, afirm\u00f3 en declaraciones a Sputnik que Suiza no extendi\u00f3 una invitaci\u00f3n a Rusia para participar en la mencionada cumbre sobre Ucrania, y Mosc\u00fa no participar\u00eda en ning\u00fan caso.<\/p>\n<p style=\"text-align: justify;\">Agreg\u00f3 que idea que los organizadores est\u00e1n promoviendo fuertemente sobre la celebraci\u00f3n de una conferencia de paz es inaceptable para Rusia porque representa un nuevo intento de imponer una f\u00f3rmula de paz que no es implementable y no tiene en cuenta los intereses rusos.<\/p>\n<p style=\"text-align: justify;\">sm<\/p>\n<p style=\"text-align: justify;\">\n","protected":false},"excerpt":{"rendered":"<p>Mosc\u00fa, 06 jun (SANA)\u00a0 El secretario del Consejo de Seguridad ruso, Sergu\u00e9i Shoig\u00fa, confirm\u00f3 que cualquier negociaci\u00f3n sobre Ucrania sin la participaci\u00f3n de Rusia es in\u00fatil y no dar\u00e1 ning\u00fan resultado. \u201cLa llamada Conferencia de Paz est\u00e1 programada para celebrarse en Suiza y uno de sus objetivos es dar una apariencia de legitimidad al presidente &hellip;<\/p>\n","protected":false},"author":39,"featured_media":331109,"comment_status":"closed","ping_status":"closed","sticky":false,"template":"","format":"standard","meta":{"footnotes":""},"categories":[597,456,16687,20724,7541],"tags":[],"class_list":["post-331108","post","type-post","status-publish","format-standard","has-post-thumbnail","","category-cinta-de-noticias","category-arabe-internacional-politica","category-internacionales","category-minuto-a-minuto","category-ultimas-noticias"],"_links":{"self":[{"href":"https:\/\/archive.sana.sy\/es\/index.php?rest_route=\/wp\/v2\/posts\/331108"}],"collection":[{"href":"https:\/\/archive.sana.sy\/es\/index.php?rest_route=\/wp\/v2\/posts"}],"about":[{"href":"https:\/\/archive.sana.sy\/es\/index.php?rest_route=\/wp\/v2\/types\/post"}],"author":[{"embeddable":true,"href":"https:\/\/archive.sana.sy\/es\/index.php?rest_route=\/wp\/v2\/users\/39"}],"replies":[{"embeddable":true,"href":"https:\/\/archive.sana.sy\/es\/index.php?rest_route=%2Fwp%2Fv2%2Fcomments&post=331108"}],"version-history":[{"count":1,"href":"https:\/\/archive.sana.sy\/es\/index.php?rest_route=\/wp\/v2\/posts\/331108\/revisions"}],"predecessor-version":[{"id":331110,"href":"https:\/\/archive.sana.sy\/es\/index.php?rest_route=\/wp\/v2\/posts\/331108\/revisions\/331110"}],"wp:featuredmedia":[{"embeddable":true,"href":"https:\/\/archive.sana.sy\/es\/index.php?rest_route=\/wp\/v2\/media\/331109"}],"wp:attachment":[{"href":"https:\/\/archive.sana.sy\/es\/index.php?rest_route=%2Fwp%2Fv2%2Fmedia&parent=331108"}],"wp:term":[{"taxonomy":"category","embeddable":true,"href":"https:\/\/archive.sana.sy\/es\/index.php?rest_route=%2Fwp%2Fv2%2Fcategories&post=331108"},{"taxonomy":"post_tag","embeddable":true,"href":"https:\/\/archive.sana.sy\/es\/index.php?rest_route=%2Fwp%2Fv2%2Ftags&post=331108"}],"curies":[{"name":"wp","href":"https:\/\/api.w.org\/{rel}","templated":true}]}}