{"id":331131,"date":"2024-06-06T17:44:38","date_gmt":"2024-06-06T14:44:38","guid":{"rendered":"https:\/\/sana.sy\/es\/?p=331131"},"modified":"2024-06-06T17:44:38","modified_gmt":"2024-06-06T14:44:38","slug":"siria-aboga-por-cooperacion-bilateral-y-multilateral-para-lograr-la-justicia-social","status":"publish","type":"post","link":"https:\/\/archive.sana.sy\/es\/?p=331131","title":{"rendered":"Siria aboga por cooperaci\u00f3n bilateral y multilateral para lograr la justicia social"},"content":{"rendered":"<p style=\"text-align: justify;\"><span style=\"color: #800000;\"><strong>Ginebra, 06 jun (SANA)<\/strong> <\/span>El ministro de Asuntos Sociales y Trabajo, Louay Al-Munajid, destac\u00f3 la necesidad de fortalecer la cooperaci\u00f3n bilateral y multilateral para sentar las bases de la estabilidad y la justicia social.<\/p>\n<p style=\"text-align: justify;\">Esta postura fue expresada en su discurso pronunciado ante la reuni\u00f3n de pa\u00edses de Asia y el Pac\u00edfico celebrada al margen de la 112\u00aa Conferencia Internacional del Trabajo en Ginebra.<\/p>\n<p style=\"text-align: justify;\">Varios pa\u00edses del grupo enfrentan medidas coercitivas unilaterales ilegales y debemos trabajar colectivamente. para ponerles fin a las mismas, denunci\u00f3 Al-Munajid.<\/p>\n<p style=\"text-align: justify;\">Agreg\u00f3 que Siria est\u00e1 trabajando para implementar sus obligaciones internacionales emitidas por la Organizaci\u00f3n Internacional del Trabajo para lograr un ambiente de trabajo digno.<\/p>\n<p style=\"text-align: justify;\">Por otro lado, abord\u00f3 los efectos de la guerra terrorista en Siria, la destrucci\u00f3n que caus\u00f3 y la continuaci\u00f3n de medidas coercitivas unilaterales que privan los sirios de su derecho a la vida y al trabajo decente, a pesar de todas las resoluciones de la Asamblea General de las Naciones Unidas, el Consejo de Seguridad y la comunidad internacional.<\/p>\n<p style=\"text-align: justify;\">El Gol\u00e1n sirio ocupado sigue bajo la ocupaci\u00f3n de Israel que lleva a cabo muchas pr\u00e1cticas criminales contra los ciudadanos sirios, adopta medidas discriminatorias contra ellos y los priva de establecer proyectos productivos y econ\u00f3micos en sus tierras, adem\u00e1s de confiscar tierras e impedir que los ciudadanos sirios se beneficien de las fuentes de agua, denunci\u00f3 el Titular sirio.<\/p>\n<p style=\"text-align: justify;\">fm\/sm<\/p>\n","protected":false},"excerpt":{"rendered":"<p>Ginebra, 06 jun (SANA) El ministro de Asuntos Sociales y Trabajo, Louay Al-Munajid, destac\u00f3 la necesidad de fortalecer la cooperaci\u00f3n bilateral y multilateral para sentar las bases de la estabilidad y la justicia social. Esta postura fue expresada en su discurso pronunciado ante la reuni\u00f3n de pa\u00edses de Asia y el Pac\u00edfico celebrada al margen &hellip;<\/p>\n","protected":false},"author":39,"featured_media":331132,"comment_status":"closed","ping_status":"closed","sticky":false,"template":"","format":"standard","meta":{"footnotes":""},"categories":[597,20724,467,583],"tags":[],"class_list":["post-331131","post","type-post","status-publish","format-standard","has-post-thumbnail","","category-cinta-de-noticias","category-minuto-a-minuto","category-siria-y-el-mundo","category-slide"],"_links":{"self":[{"href":"https:\/\/archive.sana.sy\/es\/index.php?rest_route=\/wp\/v2\/posts\/331131"}],"collection":[{"href":"https:\/\/archive.sana.sy\/es\/index.php?rest_route=\/wp\/v2\/posts"}],"about":[{"href":"https:\/\/archive.sana.sy\/es\/index.php?rest_route=\/wp\/v2\/types\/post"}],"author":[{"embeddable":true,"href":"https:\/\/archive.sana.sy\/es\/index.php?rest_route=\/wp\/v2\/users\/39"}],"replies":[{"embeddable":true,"href":"https:\/\/archive.sana.sy\/es\/index.php?rest_route=%2Fwp%2Fv2%2Fcomments&post=331131"}],"version-history":[{"count":1,"href":"https:\/\/archive.sana.sy\/es\/index.php?rest_route=\/wp\/v2\/posts\/331131\/revisions"}],"predecessor-version":[{"id":331133,"href":"https:\/\/archive.sana.sy\/es\/index.php?rest_route=\/wp\/v2\/posts\/331131\/revisions\/331133"}],"wp:featuredmedia":[{"embeddable":true,"href":"https:\/\/archive.sana.sy\/es\/index.php?rest_route=\/wp\/v2\/media\/331132"}],"wp:attachment":[{"href":"https:\/\/archive.sana.sy\/es\/index.php?rest_route=%2Fwp%2Fv2%2Fmedia&parent=331131"}],"wp:term":[{"taxonomy":"category","embeddable":true,"href":"https:\/\/archive.sana.sy\/es\/index.php?rest_route=%2Fwp%2Fv2%2Fcategories&post=331131"},{"taxonomy":"post_tag","embeddable":true,"href":"https:\/\/archive.sana.sy\/es\/index.php?rest_route=%2Fwp%2Fv2%2Ftags&post=331131"}],"curies":[{"name":"wp","href":"https:\/\/api.w.org\/{rel}","templated":true}]}}