{"id":331139,"date":"2024-06-07T10:04:35","date_gmt":"2024-06-07T07:04:35","guid":{"rendered":"https:\/\/sana.sy\/es\/?p=331139"},"modified":"2024-06-07T10:04:35","modified_gmt":"2024-06-07T07:04:35","slug":"embajada-siria-en-chipre-organiza-un-evento-cultural-y-una-recepcion","status":"publish","type":"post","link":"https:\/\/archive.sana.sy\/es\/?p=331139","title":{"rendered":"Embajada siria en Chipre organiza un evento cultural y una recepci\u00f3n"},"content":{"rendered":"<p style=\"text-align: justify;\"><span style=\"color: #800000;\"><strong>Nicosia, 6 jun (SANA)<\/strong> <\/span>La embajada de Siria en Chipre organiz\u00f3 un evento cultural en el centro cultural de Nicosia titulado \u201cA Pesar del Terrorismo&#8230; Siria Seguir\u00e1 Siendo la Cuna de las Civilizaciones\u201d, que incluy\u00f3 una recepci\u00f3n y una exposici\u00f3n fotogr\u00e1fica sobre Siria.<\/p>\n<p style=\"text-align: justify;\">Durante el evento se proyect\u00f3 la pel\u00edcula siria \u201cEl Juramento de Kiriakos\u201d, ganadora de m\u00e1s de 20 premios en festivales internacionales y exhibida por primera vez fuera de Siria.<\/p>\n<p style=\"text-align: justify;\">La pel\u00edcula trata sobre la destrucci\u00f3n deliberada de la ciudad de Alepo por parte de los terroristas.<\/p>\n<p style=\"text-align: justify;\">Tambi\u00e9n se proyect\u00f3 la pel\u00edcula \u201cLa Sangre de la Palmera\u201d, basado en una historia real sobre la antigua ciudad de Palmira, detallando los da\u00f1os causados por la destrucci\u00f3n de su patrimonio por los terroristas y los sacrificios del ej\u00e9rcito \u00e1rabe sirio para liberarla y expulsar al terrorismo.<\/p>\n<p style=\"text-align: justify;\">En un discurso de bienvenida al inicio del evento, el jefe de la misi\u00f3n diplom\u00e1tica siria, Ammar Awad, afirm\u00f3 que estas pel\u00edculas est\u00e1n basadas en hechos reales de h\u00e9roes sirios que defendieron la identidad y la memoria del pueblo sirio frente al terrorismo que afect\u00f3 el legado humano en la ciudad de Alepo.<\/p>\n<p style=\"text-align: justify;\">Subray\u00f3 que la proyecci\u00f3n de ambas pel\u00edculas representa una oportunidad para que el pueblo chipriota y europeo conozca la realidad de lo que sucedi\u00f3 desde el inicio de la guerra terrorista y econ\u00f3mica contra Siria.<\/p>\n<p style=\"text-align: justify;\">Awad destac\u00f3 los esfuerzos del gobierno sirio para enfrentar todos los desaf\u00edos, en particular la ocupaci\u00f3n y la presencia ilegal de las fuerzas estadounidenses y turcas, adem\u00e1s de continuar su combate contra el terrorismo y mitigar los efectos catastr\u00f3ficos de las medidas coercitivas unilaterales impuestas al pueblo sirio por los pa\u00edses occidentales.<\/p>\n<p style=\"text-align: justify;\">Al evento asistieron embajadores y jefes de misiones de pa\u00edses \u00e1rabes y extranjeros, miembros del cuerpo diplom\u00e1tico, representantes de las iglesias ortodoxa y armenia en Chipre, representantes de varios partidos, sindicatos y organizaciones no gubernamentales chipriotas, y una gran cantidad de miembros de la comunidad siria en Chipre.<\/p>\n<p style=\"text-align: justify;\"><em><strong>ah<\/strong><\/em><\/p>\n","protected":false},"excerpt":{"rendered":"<p>Nicosia, 6 jun (SANA) La embajada de Siria en Chipre organiz\u00f3 un evento cultural en el centro cultural de Nicosia titulado \u201cA Pesar del Terrorismo&#8230; Siria Seguir\u00e1 Siendo la Cuna de las Civilizaciones\u201d, que incluy\u00f3 una recepci\u00f3n y una exposici\u00f3n fotogr\u00e1fica sobre Siria. Durante el evento se proyect\u00f3 la pel\u00edcula siria \u201cEl Juramento de Kiriakos\u201d, &hellip;<\/p>\n","protected":false},"author":30,"featured_media":331140,"comment_status":"closed","ping_status":"closed","sticky":false,"template":"","format":"standard","meta":{"footnotes":""},"categories":[597,20724,467,7541],"tags":[],"class_list":["post-331139","post","type-post","status-publish","format-standard","has-post-thumbnail","","category-cinta-de-noticias","category-minuto-a-minuto","category-siria-y-el-mundo","category-ultimas-noticias"],"_links":{"self":[{"href":"https:\/\/archive.sana.sy\/es\/index.php?rest_route=\/wp\/v2\/posts\/331139"}],"collection":[{"href":"https:\/\/archive.sana.sy\/es\/index.php?rest_route=\/wp\/v2\/posts"}],"about":[{"href":"https:\/\/archive.sana.sy\/es\/index.php?rest_route=\/wp\/v2\/types\/post"}],"author":[{"embeddable":true,"href":"https:\/\/archive.sana.sy\/es\/index.php?rest_route=\/wp\/v2\/users\/30"}],"replies":[{"embeddable":true,"href":"https:\/\/archive.sana.sy\/es\/index.php?rest_route=%2Fwp%2Fv2%2Fcomments&post=331139"}],"version-history":[{"count":1,"href":"https:\/\/archive.sana.sy\/es\/index.php?rest_route=\/wp\/v2\/posts\/331139\/revisions"}],"predecessor-version":[{"id":331141,"href":"https:\/\/archive.sana.sy\/es\/index.php?rest_route=\/wp\/v2\/posts\/331139\/revisions\/331141"}],"wp:featuredmedia":[{"embeddable":true,"href":"https:\/\/archive.sana.sy\/es\/index.php?rest_route=\/wp\/v2\/media\/331140"}],"wp:attachment":[{"href":"https:\/\/archive.sana.sy\/es\/index.php?rest_route=%2Fwp%2Fv2%2Fmedia&parent=331139"}],"wp:term":[{"taxonomy":"category","embeddable":true,"href":"https:\/\/archive.sana.sy\/es\/index.php?rest_route=%2Fwp%2Fv2%2Fcategories&post=331139"},{"taxonomy":"post_tag","embeddable":true,"href":"https:\/\/archive.sana.sy\/es\/index.php?rest_route=%2Fwp%2Fv2%2Ftags&post=331139"}],"curies":[{"name":"wp","href":"https:\/\/api.w.org\/{rel}","templated":true}]}}