{"id":33114,"date":"2015-11-08T14:03:25","date_gmt":"2015-11-08T12:03:25","guid":{"rendered":"http:\/\/sana.sy\/es\/?p=33114"},"modified":"2015-11-08T14:03:25","modified_gmt":"2015-11-08T12:03:25","slug":"shamjani-reitera-apoyo-de-iran-a-siria-palestina-e-yemen","status":"publish","type":"post","link":"https:\/\/archive.sana.sy\/es\/?p=33114","title":{"rendered":"Shamjani reitera apoyo de Ir\u00e1n a Siria, Palestina e Yemen"},"content":{"rendered":"<p><span style=\"color: #800000\">Teher\u00e1n, SANA<\/span><\/p>\n<p>El secretario del Consejo Supremo de Seguridad Nacional de Ir\u00e1n, Ali Shamjani, reiter\u00f3 la postura constante de su pa\u00eds en apoyo a Siria, Palestina e Yemen aclarando que el fortalecimiento de la cooperaci\u00f3n con los pa\u00edses vecinos es una prioridad de la pol\u00edtica exterior iran\u00ed.<\/p>\n<p>En un di\u00e1logo realizado por el canal I de la televisi\u00f3n iran\u00ed, Shamjani subray\u00f3 que la \u201cpresencia iran\u00ed en Siria se limita al asesoramiento\u201d y dijo que \u201cla falta de seguridad en Irak, Yemen y dem\u00e1s pa\u00edses vecinos pone bajo amenaza las fronteras de Ir\u00e1n por tanto es necesaria la presencia de Ir\u00e1n en estos pa\u00edses para dar asesor\u00eda\u201d.<\/p>\n<p>Shamjani aludi\u00f3 que la organizaci\u00f3n terrorista de Daesh es un instrument en manos de Occidente para hacer pasar sus pol\u00edticas en la regi\u00f3n, y calific\u00f3 las pol\u00edticas estadounidenses de duplicidad.<\/p>\n<p>Cabe destacar que el canciller iran\u00ed, Mohamad Yavad Zarif, afirm\u00f3 ayer que sendas crisis de Siria y Yemen se pueden resolver por v\u00eda pol\u00edtica \u00fanicamente y esto se dar\u00e1 mediante el respeto al derecho del pueblo a su autodeterminaci\u00f3n pol\u00edtica.<\/p>\n<p>&nbsp;<\/p>\n<p>Riyad Sh., Lynn A.<\/p>\n","protected":false},"excerpt":{"rendered":"<p>Teher\u00e1n, SANA El secretario del Consejo Supremo de Seguridad Nacional de Ir\u00e1n, Ali Shamjani, reiter\u00f3 la postura constante de su pa\u00eds en apoyo a Siria, Palestina e Yemen aclarando que el fortalecimiento de la cooperaci\u00f3n con los pa\u00edses vecinos es una prioridad de la pol\u00edtica exterior iran\u00ed. En un di\u00e1logo realizado por el canal I &hellip;<\/p>\n","protected":false},"author":24,"featured_media":33115,"comment_status":"closed","ping_status":"closed","sticky":false,"template":"","format":"standard","meta":{"footnotes":""},"categories":[597,456,457,576],"tags":[],"class_list":["post-33114","post","type-post","status-publish","format-standard","has-post-thumbnail","","category-cinta-de-noticias","category-arabe-internacional-politica","category-noticias-arabe-internacional-politica","category-noticias-politicas"],"_links":{"self":[{"href":"https:\/\/archive.sana.sy\/es\/index.php?rest_route=\/wp\/v2\/posts\/33114"}],"collection":[{"href":"https:\/\/archive.sana.sy\/es\/index.php?rest_route=\/wp\/v2\/posts"}],"about":[{"href":"https:\/\/archive.sana.sy\/es\/index.php?rest_route=\/wp\/v2\/types\/post"}],"author":[{"embeddable":true,"href":"https:\/\/archive.sana.sy\/es\/index.php?rest_route=\/wp\/v2\/users\/24"}],"replies":[{"embeddable":true,"href":"https:\/\/archive.sana.sy\/es\/index.php?rest_route=%2Fwp%2Fv2%2Fcomments&post=33114"}],"version-history":[{"count":0,"href":"https:\/\/archive.sana.sy\/es\/index.php?rest_route=\/wp\/v2\/posts\/33114\/revisions"}],"wp:featuredmedia":[{"embeddable":true,"href":"https:\/\/archive.sana.sy\/es\/index.php?rest_route=\/wp\/v2\/media\/33115"}],"wp:attachment":[{"href":"https:\/\/archive.sana.sy\/es\/index.php?rest_route=%2Fwp%2Fv2%2Fmedia&parent=33114"}],"wp:term":[{"taxonomy":"category","embeddable":true,"href":"https:\/\/archive.sana.sy\/es\/index.php?rest_route=%2Fwp%2Fv2%2Fcategories&post=33114"},{"taxonomy":"post_tag","embeddable":true,"href":"https:\/\/archive.sana.sy\/es\/index.php?rest_route=%2Fwp%2Fv2%2Ftags&post=33114"}],"curies":[{"name":"wp","href":"https:\/\/api.w.org\/{rel}","templated":true}]}}