{"id":331163,"date":"2024-06-07T14:40:45","date_gmt":"2024-06-07T11:40:45","guid":{"rendered":"https:\/\/sana.sy\/es\/?p=331163"},"modified":"2024-06-07T20:05:13","modified_gmt":"2024-06-07T17:05:13","slug":"fuerzas-rusas-liberan-nuevas-localidades-y-neutralizan-a-10-000-militares-de-kiev-en-una-semana","status":"publish","type":"post","link":"https:\/\/archive.sana.sy\/es\/?p=331163","title":{"rendered":"Fuerzas rusas liberan nuevas localidades y neutralizan a 10.000 militares de Kiev en una semana"},"content":{"rendered":"<p style=\"text-align: justify;\"><span style=\"color: #800000;\"><strong>Mosc\u00fa, 07 jun (SANA)<\/strong> <\/span>En su informe semanal sobre la operaci\u00f3n militar especial, el Ministerio de Defensa de Rusia inform\u00f3 que como como resultado de acciones del grupo Norte, las p\u00e9rdidas totales de las Fuerzas Armadas de Ucrania ascendieron a 1.400 militares, 5 tanques, 11 blindados y 26 ca\u00f1ones de artiller\u00eda de campa\u00f1a.<\/p>\n<p style=\"text-align: justify;\">Mientras en la zona de operaciones del grupo Oeste, en la regi\u00f3n de J\u00e1rkov y la Rep\u00fablica Popular de Lugansk, las bajas del Ej\u00e9rcito ucraniano fueron de 2.850 soldados, 2 tanques, 19 blindados de combate y 25 ca\u00f1ones de artiller\u00eda de campa\u00f1a.<\/p>\n<p style=\"text-align: justify;\">En las \u00e1reas de operaciones del grupo Sur y Centro, las p\u00e9rdidas de Kiev ascendieron a 5.525 militares, 28 blindados de combate y 97 piezas de artiller\u00eda de campa\u00f1a.<\/p>\n<p style=\"text-align: justify;\">Asimismo, fue destruido un sistema antia\u00e9reo autopropulsado Gepard y fueron liberadas las localidades de Paraskov\u00edyevka y Um\u00e1nskoye.<\/p>\n<p style=\"text-align: justify;\">Como resultado de las acciones de los grupos Este y Dnepr, las p\u00e9rdidas de tropas ucranianas fueron de hasta 1.360 militares, 2 tanques, 10 veh\u00edculos blindados de combate y 34 ca\u00f1ones de artiller\u00eda de campa\u00f1a.<br \/>\nPor otro lado, la aviaci\u00f3n y los sistemas rusos de defensa antia\u00e9rea derribaron 2 aviones MiG-29 de la Fuerza A\u00e9rea de Ucrania, mientras un avi\u00f3n de ataque ucraniano Su-25 fue destruido con un dron Lancet.<\/p>\n<p style=\"text-align: justify;\">Durante la semana se rindieron 27 militares ucranianos.<\/p>\n<p style=\"text-align: justify;\">fm\/sm<\/p>\n","protected":false},"excerpt":{"rendered":"<p>Mosc\u00fa, 07 jun (SANA) En su informe semanal sobre la operaci\u00f3n militar especial, el Ministerio de Defensa de Rusia inform\u00f3 que como como resultado de acciones del grupo Norte, las p\u00e9rdidas totales de las Fuerzas Armadas de Ucrania ascendieron a 1.400 militares, 5 tanques, 11 blindados y 26 ca\u00f1ones de artiller\u00eda de campa\u00f1a. Mientras en &hellip;<\/p>\n","protected":false},"author":39,"featured_media":331164,"comment_status":"closed","ping_status":"closed","sticky":false,"template":"","format":"standard","meta":{"footnotes":""},"categories":[597,456,16687,20724,583],"tags":[],"class_list":["post-331163","post","type-post","status-publish","format-standard","has-post-thumbnail","","category-cinta-de-noticias","category-arabe-internacional-politica","category-internacionales","category-minuto-a-minuto","category-slide"],"_links":{"self":[{"href":"https:\/\/archive.sana.sy\/es\/index.php?rest_route=\/wp\/v2\/posts\/331163"}],"collection":[{"href":"https:\/\/archive.sana.sy\/es\/index.php?rest_route=\/wp\/v2\/posts"}],"about":[{"href":"https:\/\/archive.sana.sy\/es\/index.php?rest_route=\/wp\/v2\/types\/post"}],"author":[{"embeddable":true,"href":"https:\/\/archive.sana.sy\/es\/index.php?rest_route=\/wp\/v2\/users\/39"}],"replies":[{"embeddable":true,"href":"https:\/\/archive.sana.sy\/es\/index.php?rest_route=%2Fwp%2Fv2%2Fcomments&post=331163"}],"version-history":[{"count":1,"href":"https:\/\/archive.sana.sy\/es\/index.php?rest_route=\/wp\/v2\/posts\/331163\/revisions"}],"predecessor-version":[{"id":331165,"href":"https:\/\/archive.sana.sy\/es\/index.php?rest_route=\/wp\/v2\/posts\/331163\/revisions\/331165"}],"wp:featuredmedia":[{"embeddable":true,"href":"https:\/\/archive.sana.sy\/es\/index.php?rest_route=\/wp\/v2\/media\/331164"}],"wp:attachment":[{"href":"https:\/\/archive.sana.sy\/es\/index.php?rest_route=%2Fwp%2Fv2%2Fmedia&parent=331163"}],"wp:term":[{"taxonomy":"category","embeddable":true,"href":"https:\/\/archive.sana.sy\/es\/index.php?rest_route=%2Fwp%2Fv2%2Fcategories&post=331163"},{"taxonomy":"post_tag","embeddable":true,"href":"https:\/\/archive.sana.sy\/es\/index.php?rest_route=%2Fwp%2Fv2%2Ftags&post=331163"}],"curies":[{"name":"wp","href":"https:\/\/api.w.org\/{rel}","templated":true}]}}