{"id":331180,"date":"2024-06-08T09:04:44","date_gmt":"2024-06-08T06:04:44","guid":{"rendered":"https:\/\/sana.sy\/es\/?p=331180"},"modified":"2024-06-08T09:04:44","modified_gmt":"2024-06-08T06:04:44","slug":"la-onu-incluye-a-israel-en-la-lista-de-la-verguenza-por-asesinar-a-decenas-de-miles-de-ninos-palestinos","status":"publish","type":"post","link":"https:\/\/archive.sana.sy\/es\/?p=331180","title":{"rendered":"La ONU incluye a Israel en la lista de la verg\u00fcenza por asesinar a decenas de miles de ni\u00f1os palestinos"},"content":{"rendered":"<p style=\"text-align: justify;\"><span style=\"color: #800000;\"><strong>Nueva York, 8 jun (SANA)<\/strong> <\/span>La Organizaci\u00f3n de Naciones Unidas (ONU) incluy\u00f3 a Israel en la lista de verg\u00fcenza de los violadores de los derechos de los ni\u00f1os por haber asesinado a decenas de miles de ni\u00f1os palestinos.<\/p>\n<p style=\"text-align: justify;\">La agencia Wafa inform\u00f3 que el secretario general de Naciones Unidas, Ant\u00f3nio Guterres, inform\u00f3 de la decisi\u00f3n al representante de la entidad ante el organismo internacional.<\/p>\n<p style=\"text-align: justify;\">Nabil Abu Rudeina, el portavoz de la Presidencia palestina, acogi\u00f3 con satisfacci\u00f3n la resoluci\u00f3n de la ONU y se\u00f1al\u00f3 que la entidad ocupante deber\u00eda haber sido incluida en esta lista hace mucho tiempo, ya que contin\u00faa cometiendo masacres contra el pueblo palestino en la Franja de Gaza y Cisjordania.<\/p>\n<p style=\"text-align: justify;\">Abu Rudeina destac\u00f3 que este paso va en la direcci\u00f3n correcta para responsabilizar a \u201cIsrael\u201d por sus cr\u00edmenes.<\/p>\n<p style=\"text-align: justify;\">Seg\u00fan el Ministerio de Salud palestino, el ocupante israel\u00ed ha matado a 15.517 ni\u00f1os palestinos en la Franja de Gaza, adem\u00e1s de decenas de ni\u00f1os en Cisjordania, desde el inicio de su agresi\u00f3n contra la Franja el 7 de octubre.<\/p>\n<p style=\"text-align: justify;\"><em><strong>fm\/ah<\/strong><\/em><\/p>\n","protected":false},"excerpt":{"rendered":"<p>Nueva York, 8 jun (SANA) La Organizaci\u00f3n de Naciones Unidas (ONU) incluy\u00f3 a Israel en la lista de verg\u00fcenza de los violadores de los derechos de los ni\u00f1os por haber asesinado a decenas de miles de ni\u00f1os palestinos. La agencia Wafa inform\u00f3 que el secretario general de Naciones Unidas, Ant\u00f3nio Guterres, inform\u00f3 de la decisi\u00f3n &hellip;<\/p>\n","protected":false},"author":30,"featured_media":331181,"comment_status":"closed","ping_status":"closed","sticky":false,"template":"","format":"standard","meta":{"footnotes":""},"categories":[597,456,20724,7541],"tags":[],"class_list":["post-331180","post","type-post","status-publish","format-standard","has-post-thumbnail","","category-cinta-de-noticias","category-arabe-internacional-politica","category-minuto-a-minuto","category-ultimas-noticias"],"_links":{"self":[{"href":"https:\/\/archive.sana.sy\/es\/index.php?rest_route=\/wp\/v2\/posts\/331180"}],"collection":[{"href":"https:\/\/archive.sana.sy\/es\/index.php?rest_route=\/wp\/v2\/posts"}],"about":[{"href":"https:\/\/archive.sana.sy\/es\/index.php?rest_route=\/wp\/v2\/types\/post"}],"author":[{"embeddable":true,"href":"https:\/\/archive.sana.sy\/es\/index.php?rest_route=\/wp\/v2\/users\/30"}],"replies":[{"embeddable":true,"href":"https:\/\/archive.sana.sy\/es\/index.php?rest_route=%2Fwp%2Fv2%2Fcomments&post=331180"}],"version-history":[{"count":1,"href":"https:\/\/archive.sana.sy\/es\/index.php?rest_route=\/wp\/v2\/posts\/331180\/revisions"}],"predecessor-version":[{"id":331182,"href":"https:\/\/archive.sana.sy\/es\/index.php?rest_route=\/wp\/v2\/posts\/331180\/revisions\/331182"}],"wp:featuredmedia":[{"embeddable":true,"href":"https:\/\/archive.sana.sy\/es\/index.php?rest_route=\/wp\/v2\/media\/331181"}],"wp:attachment":[{"href":"https:\/\/archive.sana.sy\/es\/index.php?rest_route=%2Fwp%2Fv2%2Fmedia&parent=331180"}],"wp:term":[{"taxonomy":"category","embeddable":true,"href":"https:\/\/archive.sana.sy\/es\/index.php?rest_route=%2Fwp%2Fv2%2Fcategories&post=331180"},{"taxonomy":"post_tag","embeddable":true,"href":"https:\/\/archive.sana.sy\/es\/index.php?rest_route=%2Fwp%2Fv2%2Ftags&post=331180"}],"curies":[{"name":"wp","href":"https:\/\/api.w.org\/{rel}","templated":true}]}}