{"id":331190,"date":"2024-06-08T11:01:35","date_gmt":"2024-06-08T08:01:35","guid":{"rendered":"https:\/\/sana.sy\/es\/?p=331190"},"modified":"2024-06-08T11:01:35","modified_gmt":"2024-06-08T08:01:35","slug":"resistencia-iraqui-ataca-con-drones-un-objetivo-vital-israeli","status":"publish","type":"post","link":"https:\/\/archive.sana.sy\/es\/?p=331190","title":{"rendered":"Resistencia iraqu\u00ed ataca con drones un objetivo vital israel\u00ed"},"content":{"rendered":"<p style=\"text-align: justify;\"><span style=\"color: #800000;\"><strong>Bagdad, 8 jun (SANA)<\/strong><\/span> La resistencia iraqu\u00ed anunci\u00f3 este s\u00e1bado un ataque con drones contra un objetivo vital del enemigo israel\u00ed en los territorios palestinos ocupados.<\/p>\n<p style=\"text-align: justify;\">En un comunicado, la resistencia iraqu\u00ed asegur\u00f3 la continuidad de sus ataques contra los bastiones israel\u00edes como parte de la segunda fase de operaciones para resistir la ocupaci\u00f3n, apoyar a Gaza y responder a las masacres sionistas contra civiles palestinos.<\/p>\n<p style=\"text-align: justify;\">El s\u00e1bado pasado, la resistencia iraqu\u00ed tambi\u00e9n atac\u00f3 con drones un blanco israel\u00ed vital en la ciudad palestina ocupada de Um Rashrash (Eilat).<\/p>\n<p style=\"text-align: justify;\"><em><strong>ah<\/strong><\/em><\/p>\n","protected":false},"excerpt":{"rendered":"<p>Bagdad, 8 jun (SANA) La resistencia iraqu\u00ed anunci\u00f3 este s\u00e1bado un ataque con drones contra un objetivo vital del enemigo israel\u00ed en los territorios palestinos ocupados. En un comunicado, la resistencia iraqu\u00ed asegur\u00f3 la continuidad de sus ataques contra los bastiones israel\u00edes como parte de la segunda fase de operaciones para resistir la ocupaci\u00f3n, apoyar &hellip;<\/p>\n","protected":false},"author":30,"featured_media":331191,"comment_status":"closed","ping_status":"closed","sticky":false,"template":"","format":"standard","meta":{"footnotes":""},"categories":[597,456,20724,7541],"tags":[],"class_list":["post-331190","post","type-post","status-publish","format-standard","has-post-thumbnail","","category-cinta-de-noticias","category-arabe-internacional-politica","category-minuto-a-minuto","category-ultimas-noticias"],"_links":{"self":[{"href":"https:\/\/archive.sana.sy\/es\/index.php?rest_route=\/wp\/v2\/posts\/331190"}],"collection":[{"href":"https:\/\/archive.sana.sy\/es\/index.php?rest_route=\/wp\/v2\/posts"}],"about":[{"href":"https:\/\/archive.sana.sy\/es\/index.php?rest_route=\/wp\/v2\/types\/post"}],"author":[{"embeddable":true,"href":"https:\/\/archive.sana.sy\/es\/index.php?rest_route=\/wp\/v2\/users\/30"}],"replies":[{"embeddable":true,"href":"https:\/\/archive.sana.sy\/es\/index.php?rest_route=%2Fwp%2Fv2%2Fcomments&post=331190"}],"version-history":[{"count":1,"href":"https:\/\/archive.sana.sy\/es\/index.php?rest_route=\/wp\/v2\/posts\/331190\/revisions"}],"predecessor-version":[{"id":331192,"href":"https:\/\/archive.sana.sy\/es\/index.php?rest_route=\/wp\/v2\/posts\/331190\/revisions\/331192"}],"wp:featuredmedia":[{"embeddable":true,"href":"https:\/\/archive.sana.sy\/es\/index.php?rest_route=\/wp\/v2\/media\/331191"}],"wp:attachment":[{"href":"https:\/\/archive.sana.sy\/es\/index.php?rest_route=%2Fwp%2Fv2%2Fmedia&parent=331190"}],"wp:term":[{"taxonomy":"category","embeddable":true,"href":"https:\/\/archive.sana.sy\/es\/index.php?rest_route=%2Fwp%2Fv2%2Fcategories&post=331190"},{"taxonomy":"post_tag","embeddable":true,"href":"https:\/\/archive.sana.sy\/es\/index.php?rest_route=%2Fwp%2Fv2%2Ftags&post=331190"}],"curies":[{"name":"wp","href":"https:\/\/api.w.org\/{rel}","templated":true}]}}