{"id":331193,"date":"2024-06-08T11:09:57","date_gmt":"2024-06-08T08:09:57","guid":{"rendered":"https:\/\/sana.sy\/es\/?p=331193"},"modified":"2024-06-08T11:09:57","modified_gmt":"2024-06-08T08:09:57","slug":"niger-anuncia-retirada-de-269-soldados-estadounidenses-del-pais","status":"publish","type":"post","link":"https:\/\/archive.sana.sy\/es\/?p=331193","title":{"rendered":"N\u00edger anuncia retirada de 269 soldados estadounidenses del pa\u00eds"},"content":{"rendered":"<p style=\"text-align: justify;\"><span style=\"color: #800000;\"><strong>Niamey- N\u00edger, 8 jun (SANA)<\/strong> <\/span>Las autoridades militares en N\u00edger y el ej\u00e9rcito estadounidense anunciaron la retirada de m\u00e1s de 269 soldados estadounidenses, cumpliendo con un acuerdo alcanzado el mes pasado.<\/p>\n<p style=\"text-align: justify;\">Seg\u00fan un comunicado firmado por el coronel Mamane Sani Kiaou, comandante de las fuerzas terrestres de N\u00edger, y el general Kenneth Ekman del Departamento de Defensa de EE.UU. en Niamey, desde la firma del acuerdo el 19 de mayo pasado, ya abandonaron N\u00edger m\u00e1s de 269 de los 946 soldados, junto con varias toneladas de equipo estadounidense.<\/p>\n<p style=\"text-align: justify;\">La retirada completa de las tropas est\u00e1 prevista para el 15 de septiembre pr\u00f3ximo conforme al acuerdo.<\/p>\n<p style=\"text-align: justify;\">El acuerdo de retirada estadounidense se produjo tras masivas manifestaciones populares en N\u00edger que exig\u00edan su salida.<\/p>\n<p style=\"text-align: justify;\">En marzo pasado, las autoridades nigerinas anularon con efecto inmediato el acuerdo de cooperaci\u00f3n militar firmado con Estados Unidos en 2012.<\/p>\n<p style=\"text-align: justify;\"><em><strong>ah<\/strong><\/em><\/p>\n","protected":false},"excerpt":{"rendered":"<p>Niamey- N\u00edger, 8 jun (SANA) Las autoridades militares en N\u00edger y el ej\u00e9rcito estadounidense anunciaron la retirada de m\u00e1s de 269 soldados estadounidenses, cumpliendo con un acuerdo alcanzado el mes pasado. Seg\u00fan un comunicado firmado por el coronel Mamane Sani Kiaou, comandante de las fuerzas terrestres de N\u00edger, y el general Kenneth Ekman del Departamento &hellip;<\/p>\n","protected":false},"author":30,"featured_media":331194,"comment_status":"closed","ping_status":"closed","sticky":false,"template":"","format":"standard","meta":{"footnotes":""},"categories":[597,456,20724,7541],"tags":[],"class_list":["post-331193","post","type-post","status-publish","format-standard","has-post-thumbnail","","category-cinta-de-noticias","category-arabe-internacional-politica","category-minuto-a-minuto","category-ultimas-noticias"],"_links":{"self":[{"href":"https:\/\/archive.sana.sy\/es\/index.php?rest_route=\/wp\/v2\/posts\/331193"}],"collection":[{"href":"https:\/\/archive.sana.sy\/es\/index.php?rest_route=\/wp\/v2\/posts"}],"about":[{"href":"https:\/\/archive.sana.sy\/es\/index.php?rest_route=\/wp\/v2\/types\/post"}],"author":[{"embeddable":true,"href":"https:\/\/archive.sana.sy\/es\/index.php?rest_route=\/wp\/v2\/users\/30"}],"replies":[{"embeddable":true,"href":"https:\/\/archive.sana.sy\/es\/index.php?rest_route=%2Fwp%2Fv2%2Fcomments&post=331193"}],"version-history":[{"count":1,"href":"https:\/\/archive.sana.sy\/es\/index.php?rest_route=\/wp\/v2\/posts\/331193\/revisions"}],"predecessor-version":[{"id":331195,"href":"https:\/\/archive.sana.sy\/es\/index.php?rest_route=\/wp\/v2\/posts\/331193\/revisions\/331195"}],"wp:featuredmedia":[{"embeddable":true,"href":"https:\/\/archive.sana.sy\/es\/index.php?rest_route=\/wp\/v2\/media\/331194"}],"wp:attachment":[{"href":"https:\/\/archive.sana.sy\/es\/index.php?rest_route=%2Fwp%2Fv2%2Fmedia&parent=331193"}],"wp:term":[{"taxonomy":"category","embeddable":true,"href":"https:\/\/archive.sana.sy\/es\/index.php?rest_route=%2Fwp%2Fv2%2Fcategories&post=331193"},{"taxonomy":"post_tag","embeddable":true,"href":"https:\/\/archive.sana.sy\/es\/index.php?rest_route=%2Fwp%2Fv2%2Ftags&post=331193"}],"curies":[{"name":"wp","href":"https:\/\/api.w.org\/{rel}","templated":true}]}}