{"id":331235,"date":"2024-06-08T16:24:38","date_gmt":"2024-06-08T13:24:38","guid":{"rendered":"https:\/\/sana.sy\/es\/?p=331235"},"modified":"2024-06-08T16:24:38","modified_gmt":"2024-06-08T13:24:38","slug":"fuerzas-rusas-destruyen-4-obuses-m777-ucranianos-de-fabricacion-estadounidense","status":"publish","type":"post","link":"https:\/\/archive.sana.sy\/es\/?p=331235","title":{"rendered":"Fuerzas rusas destruyen 4 obuses M777 ucranianos de fabricaci\u00f3n estadounidense"},"content":{"rendered":"<p style=\"text-align: justify;\"><span style=\"color: #800000;\"><strong>Mosc\u00fa, 8 jun (SANA)<\/strong> <\/span>El Ministerio de Defensa de Rusia inform\u00f3 hoy que en las zonas de operaciones de los grupos Norte y Oeste, las bajas del Ej\u00e9rcito ucraniano ascendieron a 680 militares, 4 blindados de combate, 6 autom\u00f3viles, dos obuses D-20, 2 estaciones de guerra electr\u00f3nica Bukovel-AD, 4 obuses M777 y un ob\u00fas D-30.<\/p>\n<p style=\"text-align: justify;\">En su informe sobre el transcurso de la operaci\u00f3n militar especial, el ente castrense agreg\u00f3 que al menos 740 militares ucranianos fueron neutralizados en las zonas de responsabilidad de los grupos Sur y Centro, adem\u00e1s de la p\u00e9rdida de un veh\u00edculo de combate de infanter\u00eda, seis obuses, un ca\u00f1\u00f3n, 2 blindados, 2 autom\u00f3viles, 4 obuses y una unidad de artiller\u00eda autopropulsada M109 Paladin.<\/p>\n<p style=\"text-align: justify;\">Como resultado de acciones del grupo Este, las p\u00e9rdidas de tropas ucranianas fueron de 135 militares, 5 autom\u00f3viles, una unidad de artiller\u00eda autopropulsada Gvozdika, mientras en el \u00e1rea de operaciones del grupo Dnepr, Ucrania perdi\u00f3 hasta 50 efectivos, 2 autom\u00f3viles, una unidad de artiller\u00eda autopropulsada Braveheart y dos obuses.<\/p>\n<p style=\"text-align: justify;\">Los sistemas rusos de defensa antia\u00e9rea derribaron un helic\u00f3ptero Mi-8, 71 drones ucranianos, un misil antibuque Neptun, as\u00ed como 7 proyectiles Himars y Olja de fabricaci\u00f3n estadounidense.<\/p>\n<p>fm\/ed<\/p>\n","protected":false},"excerpt":{"rendered":"<p>Mosc\u00fa, 8 jun (SANA) El Ministerio de Defensa de Rusia inform\u00f3 hoy que en las zonas de operaciones de los grupos Norte y Oeste, las bajas del Ej\u00e9rcito ucraniano ascendieron a 680 militares, 4 blindados de combate, 6 autom\u00f3viles, dos obuses D-20, 2 estaciones de guerra electr\u00f3nica Bukovel-AD, 4 obuses M777 y un ob\u00fas D-30. &hellip;<\/p>\n","protected":false},"author":32,"featured_media":331236,"comment_status":"closed","ping_status":"closed","sticky":false,"template":"","format":"standard","meta":{"footnotes":""},"categories":[597,20724,583],"tags":[],"class_list":["post-331235","post","type-post","status-publish","format-standard","has-post-thumbnail","","category-cinta-de-noticias","category-minuto-a-minuto","category-slide"],"_links":{"self":[{"href":"https:\/\/archive.sana.sy\/es\/index.php?rest_route=\/wp\/v2\/posts\/331235"}],"collection":[{"href":"https:\/\/archive.sana.sy\/es\/index.php?rest_route=\/wp\/v2\/posts"}],"about":[{"href":"https:\/\/archive.sana.sy\/es\/index.php?rest_route=\/wp\/v2\/types\/post"}],"author":[{"embeddable":true,"href":"https:\/\/archive.sana.sy\/es\/index.php?rest_route=\/wp\/v2\/users\/32"}],"replies":[{"embeddable":true,"href":"https:\/\/archive.sana.sy\/es\/index.php?rest_route=%2Fwp%2Fv2%2Fcomments&post=331235"}],"version-history":[{"count":1,"href":"https:\/\/archive.sana.sy\/es\/index.php?rest_route=\/wp\/v2\/posts\/331235\/revisions"}],"predecessor-version":[{"id":331237,"href":"https:\/\/archive.sana.sy\/es\/index.php?rest_route=\/wp\/v2\/posts\/331235\/revisions\/331237"}],"wp:featuredmedia":[{"embeddable":true,"href":"https:\/\/archive.sana.sy\/es\/index.php?rest_route=\/wp\/v2\/media\/331236"}],"wp:attachment":[{"href":"https:\/\/archive.sana.sy\/es\/index.php?rest_route=%2Fwp%2Fv2%2Fmedia&parent=331235"}],"wp:term":[{"taxonomy":"category","embeddable":true,"href":"https:\/\/archive.sana.sy\/es\/index.php?rest_route=%2Fwp%2Fv2%2Fcategories&post=331235"},{"taxonomy":"post_tag","embeddable":true,"href":"https:\/\/archive.sana.sy\/es\/index.php?rest_route=%2Fwp%2Fv2%2Ftags&post=331235"}],"curies":[{"name":"wp","href":"https:\/\/api.w.org\/{rel}","templated":true}]}}