{"id":331296,"date":"2024-06-09T14:20:19","date_gmt":"2024-06-09T11:20:19","guid":{"rendered":"https:\/\/sana.sy\/es\/?p=331296"},"modified":"2024-06-09T14:20:19","modified_gmt":"2024-06-09T11:20:19","slug":"agresion-israeli-contra-gaza-entra-en-su-dia-247-y-el-ocupante-intensifica-sus-bombardeos","status":"publish","type":"post","link":"https:\/\/archive.sana.sy\/es\/?p=331296","title":{"rendered":"Agresi\u00f3n israel\u00ed contra Gaza entra en su d\u00eda 247, y el ocupante intensifica sus bombardeos"},"content":{"rendered":"<p style=\"text-align: justify;\"><span style=\"color: #800000;\"><strong>Jerusal\u00e9n ocupada, 9 jun (SANA) <\/strong><\/span>El ocupante israel\u00ed contin\u00faa por 247 d\u00eda consecutivo su brutal agresi\u00f3n contra Gaza, donde intensific\u00f3 sus bombardeos contra las viviendas y los centros de refugiados, matando a decenas de palestinos e hiriendo a otros.<\/p>\n<p style=\"text-align: justify;\">Seg\u00fan informaron medios de prensa palestinos, los aviones de guerra israel\u00edes bombardearon una casa en el barrio de Al-Daraj, en la ciudad de Gaza, matando a cuatro palestinos, entre ellos una ni\u00f1a e hiriendo a otros.<\/p>\n<p style=\"text-align: justify;\">Asimismo, tres palestinos fallecieron y otros resultaron lesionados en bombardeo del ocupante al campamento de Al-Bureij en el centro de la Franja de Gaza.<\/p>\n<p style=\"text-align: justify;\">Tambi\u00e9n, dos palestinos murieron en incursiones a\u00e9reas contra el barrio de Tal Al-Sultan, al oeste de la ciudad de Rafah, en el sur de Gaza.<\/p>\n<p style=\"text-align: justify;\">El Ministerio de Salud palestino anunci\u00f3 que las v\u00edctimas de la agresi\u00f3n israel\u00ed a la Franja de Gaza desde el 7 de octubre pasado se elevaban a 37.084 muertos y 84.494 heridos .<\/p>\n<p style=\"text-align: justify;\">as\/fm<\/p>\n","protected":false},"excerpt":{"rendered":"<p>Jerusal\u00e9n ocupada, 9 jun (SANA) El ocupante israel\u00ed contin\u00faa por 247 d\u00eda consecutivo su brutal agresi\u00f3n contra Gaza, donde intensific\u00f3 sus bombardeos contra las viviendas y los centros de refugiados, matando a decenas de palestinos e hiriendo a otros. Seg\u00fan informaron medios de prensa palestinos, los aviones de guerra israel\u00edes bombardearon una casa en el &hellip;<\/p>\n","protected":false},"author":42,"featured_media":331298,"comment_status":"closed","ping_status":"closed","sticky":false,"template":"","format":"standard","meta":{"footnotes":""},"categories":[597,456,16687,20724,7541],"tags":[],"class_list":["post-331296","post","type-post","status-publish","format-standard","has-post-thumbnail","","category-cinta-de-noticias","category-arabe-internacional-politica","category-internacionales","category-minuto-a-minuto","category-ultimas-noticias"],"_links":{"self":[{"href":"https:\/\/archive.sana.sy\/es\/index.php?rest_route=\/wp\/v2\/posts\/331296"}],"collection":[{"href":"https:\/\/archive.sana.sy\/es\/index.php?rest_route=\/wp\/v2\/posts"}],"about":[{"href":"https:\/\/archive.sana.sy\/es\/index.php?rest_route=\/wp\/v2\/types\/post"}],"author":[{"embeddable":true,"href":"https:\/\/archive.sana.sy\/es\/index.php?rest_route=\/wp\/v2\/users\/42"}],"replies":[{"embeddable":true,"href":"https:\/\/archive.sana.sy\/es\/index.php?rest_route=%2Fwp%2Fv2%2Fcomments&post=331296"}],"version-history":[{"count":1,"href":"https:\/\/archive.sana.sy\/es\/index.php?rest_route=\/wp\/v2\/posts\/331296\/revisions"}],"predecessor-version":[{"id":331299,"href":"https:\/\/archive.sana.sy\/es\/index.php?rest_route=\/wp\/v2\/posts\/331296\/revisions\/331299"}],"wp:featuredmedia":[{"embeddable":true,"href":"https:\/\/archive.sana.sy\/es\/index.php?rest_route=\/wp\/v2\/media\/331298"}],"wp:attachment":[{"href":"https:\/\/archive.sana.sy\/es\/index.php?rest_route=%2Fwp%2Fv2%2Fmedia&parent=331296"}],"wp:term":[{"taxonomy":"category","embeddable":true,"href":"https:\/\/archive.sana.sy\/es\/index.php?rest_route=%2Fwp%2Fv2%2Fcategories&post=331296"},{"taxonomy":"post_tag","embeddable":true,"href":"https:\/\/archive.sana.sy\/es\/index.php?rest_route=%2Fwp%2Fv2%2Ftags&post=331296"}],"curies":[{"name":"wp","href":"https:\/\/api.w.org\/{rel}","templated":true}]}}