{"id":331459,"date":"2024-06-11T20:00:05","date_gmt":"2024-06-11T17:00:05","guid":{"rendered":"https:\/\/sana.sy\/es\/?p=331459"},"modified":"2024-06-11T20:00:49","modified_gmt":"2024-06-11T17:00:49","slug":"confirman-37-164-muertos-y-84-832-heridos-victimas-durante-249-dias-de-agresion-israeli-a-gaza","status":"publish","type":"post","link":"https:\/\/archive.sana.sy\/es\/?p=331459","title":{"rendered":"Confirman 37.164 muertos y 84.832 heridos v\u00edctimas durante 249 d\u00edas de agresi\u00f3n israel\u00ed a Gaza"},"content":{"rendered":"<p style=\"text-align: justify\"><span style=\"color: #800000\"><strong>Jerusal\u00e9n ocupada, 11 jun (SANA)<\/strong> <\/span>El Ministerio de Salud palestino inform\u00f3 hoy que durante las \u00faltimas 24 horas, el ocupante israel\u00ed cometi\u00f3 3 masacres en la Franja de Gaza, dejando 40 muertos y 120 heridos.<\/p>\n<p style=\"text-align: justify\">El n\u00famero total de v\u00edctimas durante 249 d\u00edas de la actual agresi\u00f3n israel\u00ed a Gaza aument\u00f3 a 37.164 muertos y 84.832 heridos, indic\u00f3 el comunicado del ente de salud.<\/p>\n<p style=\"text-align: justify\">Durante el d\u00eda de hoy, decenas de palestinos perdieron la vida y otros resultaron heridos por bombardeos israel\u00edes perpetrados contra Gaza.<\/p>\n<p style=\"text-align: justify\">La agencia Wafa inform\u00f3 que durante las \u00faltimas horas, los aviones de combate israel\u00edes bombardearon viviendas en los barrios de Sheikh Radwan, Al-Daraj y Al-Zaytoun en la ciudad de Gaza, lo que provoc\u00f3 la muerte de decenas de personas y lesiones a otras.<\/p>\n<p style=\"text-align: justify\">El Ministerio de Salud palestino anunci\u00f3 que el n\u00famero de v\u00edctimas de la agresi\u00f3n contra la Franja de Gaza desde su inicio el d\u00eda 7 de octubre pasado, aument\u00f3 a 37.124 muertos y 84.712 heridos.<\/p>\n<p style=\"text-align: justify\">fm\/as<\/p>\n","protected":false},"excerpt":{"rendered":"<p>Jerusal\u00e9n ocupada, 11 jun (SANA) El Ministerio de Salud palestino inform\u00f3 hoy que durante las \u00faltimas 24 horas, el ocupante israel\u00ed cometi\u00f3 3 masacres en la Franja de Gaza, dejando 40 muertos y 120 heridos. El n\u00famero total de v\u00edctimas durante 249 d\u00edas de la actual agresi\u00f3n israel\u00ed a Gaza aument\u00f3 a 37.164 muertos y &hellip;<\/p>\n","protected":false},"author":42,"featured_media":331460,"comment_status":"closed","ping_status":"closed","sticky":false,"template":"","format":"standard","meta":{"footnotes":""},"categories":[597,456,16687,20724,583],"tags":[],"class_list":["post-331459","post","type-post","status-publish","format-standard","has-post-thumbnail","","category-cinta-de-noticias","category-arabe-internacional-politica","category-internacionales","category-minuto-a-minuto","category-slide"],"_links":{"self":[{"href":"https:\/\/archive.sana.sy\/es\/index.php?rest_route=\/wp\/v2\/posts\/331459"}],"collection":[{"href":"https:\/\/archive.sana.sy\/es\/index.php?rest_route=\/wp\/v2\/posts"}],"about":[{"href":"https:\/\/archive.sana.sy\/es\/index.php?rest_route=\/wp\/v2\/types\/post"}],"author":[{"embeddable":true,"href":"https:\/\/archive.sana.sy\/es\/index.php?rest_route=\/wp\/v2\/users\/42"}],"replies":[{"embeddable":true,"href":"https:\/\/archive.sana.sy\/es\/index.php?rest_route=%2Fwp%2Fv2%2Fcomments&post=331459"}],"version-history":[{"count":2,"href":"https:\/\/archive.sana.sy\/es\/index.php?rest_route=\/wp\/v2\/posts\/331459\/revisions"}],"predecessor-version":[{"id":331495,"href":"https:\/\/archive.sana.sy\/es\/index.php?rest_route=\/wp\/v2\/posts\/331459\/revisions\/331495"}],"wp:featuredmedia":[{"embeddable":true,"href":"https:\/\/archive.sana.sy\/es\/index.php?rest_route=\/wp\/v2\/media\/331460"}],"wp:attachment":[{"href":"https:\/\/archive.sana.sy\/es\/index.php?rest_route=%2Fwp%2Fv2%2Fmedia&parent=331459"}],"wp:term":[{"taxonomy":"category","embeddable":true,"href":"https:\/\/archive.sana.sy\/es\/index.php?rest_route=%2Fwp%2Fv2%2Fcategories&post=331459"},{"taxonomy":"post_tag","embeddable":true,"href":"https:\/\/archive.sana.sy\/es\/index.php?rest_route=%2Fwp%2Fv2%2Ftags&post=331459"}],"curies":[{"name":"wp","href":"https:\/\/api.w.org\/{rel}","templated":true}]}}