{"id":331478,"date":"2024-06-11T18:04:20","date_gmt":"2024-06-11T15:04:20","guid":{"rendered":"https:\/\/sana.sy\/es\/?p=331478"},"modified":"2024-06-11T18:04:47","modified_gmt":"2024-06-11T15:04:47","slug":"rusia-y-venezuela-firman-memorando-de-entendimiento-para-enfrentar-medidas-coercitivas","status":"publish","type":"post","link":"https:\/\/archive.sana.sy\/es\/?p=331478","title":{"rendered":"Rusia y Venezuela firman memorando de entendimiento para enfrentar medidas coercitivas"},"content":{"rendered":"<p style=\"text-align: justify\"><span style=\"color: #800000\"><strong>Mosc\u00fa, 11 jun (SANA)<\/strong><\/span> Los ministros de Exteriores de Rusia y Venezuela, Serguei Lavrov y Yvan Gil respectivamente, firmaron este martes un memorando de entendimiento de cooperaci\u00f3n para contrarrestar a las Medidas Coercitivas Unilaterales.<\/p>\n<p style=\"text-align: justify\">El acto tuvo lugar en el marco de la reuni\u00f3n ministerial del BRICS+ que se desarrolla en la ciudad rusa\u00a0 Nizhny Novgorod.<\/p>\n<p style=\"text-align: justify\">&#8220;Esto permitir\u00e1 avanzar en la creaci\u00f3n de mecanismos financieros y log\u00edsticos inmunes a la injerencia externa y fortalecer nuestra cooperaci\u00f3n en \u00e1reas como agricultura, medicina, energ\u00eda y las tecnolog\u00edas avanzadas&#8221;, public\u00f3 el jefe de la diplomacia venezolana en su cuenta X.<\/p>\n<p style=\"text-align: justify\">Venezuela ha expresado en varias ocasiones su inter\u00e9s en formar parte del BRICS, \u201calianza que ayudar\u00e1 con sus grandes esfuerzos a establecer u nuevo orden mundial\u201d, seg\u00fan propias palabras del Canciller venezolano.<\/p>\n<p style=\"text-align: justify\">la<\/p>\n","protected":false},"excerpt":{"rendered":"<p>Mosc\u00fa, 11 jun (SANA) Los ministros de Exteriores de Rusia y Venezuela, Serguei Lavrov y Yvan Gil respectivamente, firmaron este martes un memorando de entendimiento de cooperaci\u00f3n para contrarrestar a las Medidas Coercitivas Unilaterales. El acto tuvo lugar en el marco de la reuni\u00f3n ministerial del BRICS+ que se desarrolla en la ciudad rusa\u00a0 Nizhny &hellip;<\/p>\n","protected":false},"author":24,"featured_media":331479,"comment_status":"closed","ping_status":"closed","sticky":false,"template":"","format":"standard","meta":{"footnotes":""},"categories":[597,456,20724,7541],"tags":[],"class_list":["post-331478","post","type-post","status-publish","format-standard","has-post-thumbnail","","category-cinta-de-noticias","category-arabe-internacional-politica","category-minuto-a-minuto","category-ultimas-noticias"],"_links":{"self":[{"href":"https:\/\/archive.sana.sy\/es\/index.php?rest_route=\/wp\/v2\/posts\/331478"}],"collection":[{"href":"https:\/\/archive.sana.sy\/es\/index.php?rest_route=\/wp\/v2\/posts"}],"about":[{"href":"https:\/\/archive.sana.sy\/es\/index.php?rest_route=\/wp\/v2\/types\/post"}],"author":[{"embeddable":true,"href":"https:\/\/archive.sana.sy\/es\/index.php?rest_route=\/wp\/v2\/users\/24"}],"replies":[{"embeddable":true,"href":"https:\/\/archive.sana.sy\/es\/index.php?rest_route=%2Fwp%2Fv2%2Fcomments&post=331478"}],"version-history":[{"count":2,"href":"https:\/\/archive.sana.sy\/es\/index.php?rest_route=\/wp\/v2\/posts\/331478\/revisions"}],"predecessor-version":[{"id":331481,"href":"https:\/\/archive.sana.sy\/es\/index.php?rest_route=\/wp\/v2\/posts\/331478\/revisions\/331481"}],"wp:featuredmedia":[{"embeddable":true,"href":"https:\/\/archive.sana.sy\/es\/index.php?rest_route=\/wp\/v2\/media\/331479"}],"wp:attachment":[{"href":"https:\/\/archive.sana.sy\/es\/index.php?rest_route=%2Fwp%2Fv2%2Fmedia&parent=331478"}],"wp:term":[{"taxonomy":"category","embeddable":true,"href":"https:\/\/archive.sana.sy\/es\/index.php?rest_route=%2Fwp%2Fv2%2Fcategories&post=331478"},{"taxonomy":"post_tag","embeddable":true,"href":"https:\/\/archive.sana.sy\/es\/index.php?rest_route=%2Fwp%2Fv2%2Ftags&post=331478"}],"curies":[{"name":"wp","href":"https:\/\/api.w.org\/{rel}","templated":true}]}}