{"id":331488,"date":"2024-06-11T19:28:06","date_gmt":"2024-06-11T16:28:06","guid":{"rendered":"https:\/\/sana.sy\/es\/?p=331488"},"modified":"2024-06-11T19:28:06","modified_gmt":"2024-06-11T16:28:06","slug":"guerra-israeli-contra-gaza-debe-cesar-ya-afirma-canciller-ruso","status":"publish","type":"post","link":"https:\/\/archive.sana.sy\/es\/?p=331488","title":{"rendered":"Guerra israel\u00ed contra Gaza debe cesar ya, afirma Canciller ruso"},"content":{"rendered":"<p style=\"text-align: justify\"><span style=\"color: #800000\"><strong>Mosc\u00fa, 11 jun (SANA)<\/strong> <\/span>El ministro de Asuntos Exteriores de Rusia, Sergei Lavrov, destac\u00f3 la necesidad del cese inmediato la guerra genocida lanzada por Israel contra la Franja de Gaza.<\/p>\n<p style=\"text-align: justify\">El jefe de la diplomacia expres\u00f3 esta postura durante una conferencia de prensa posterior a la reuni\u00f3n ministerial del BRICS celebrada en la ciudad rusa de Nizhny Novgorod, inform\u00f3 la agencia Novosti.<\/p>\n<p style=\"text-align: justify\">&#8220;Los Cancilleres de los pa\u00edses del grupo BRICS subrayaron la necesidad de presionar a Israel para que detenga su operaci\u00f3n en Gaza\u201d, se\u00f1al\u00f3.<\/p>\n<p style=\"text-align: justify\">Asimismo calific\u00f3 de \u201cinaceptable\u201d\u00a0 asesinar a cientos de \u201cinocentes\u201d civiles en el campamento de Nuseirat hace unos d\u00edas con el fin de liberar a rehenes israel\u00edes.<\/p>\n<p style=\"text-align: justify\">la<\/p>\n","protected":false},"excerpt":{"rendered":"<p>Mosc\u00fa, 11 jun (SANA) El ministro de Asuntos Exteriores de Rusia, Sergei Lavrov, destac\u00f3 la necesidad del cese inmediato la guerra genocida lanzada por Israel contra la Franja de Gaza. El jefe de la diplomacia expres\u00f3 esta postura durante una conferencia de prensa posterior a la reuni\u00f3n ministerial del BRICS celebrada en la ciudad rusa &hellip;<\/p>\n","protected":false},"author":24,"featured_media":331489,"comment_status":"closed","ping_status":"closed","sticky":false,"template":"","format":"standard","meta":{"footnotes":""},"categories":[597,456,20724,7541],"tags":[],"class_list":["post-331488","post","type-post","status-publish","format-standard","has-post-thumbnail","","category-cinta-de-noticias","category-arabe-internacional-politica","category-minuto-a-minuto","category-ultimas-noticias"],"_links":{"self":[{"href":"https:\/\/archive.sana.sy\/es\/index.php?rest_route=\/wp\/v2\/posts\/331488"}],"collection":[{"href":"https:\/\/archive.sana.sy\/es\/index.php?rest_route=\/wp\/v2\/posts"}],"about":[{"href":"https:\/\/archive.sana.sy\/es\/index.php?rest_route=\/wp\/v2\/types\/post"}],"author":[{"embeddable":true,"href":"https:\/\/archive.sana.sy\/es\/index.php?rest_route=\/wp\/v2\/users\/24"}],"replies":[{"embeddable":true,"href":"https:\/\/archive.sana.sy\/es\/index.php?rest_route=%2Fwp%2Fv2%2Fcomments&post=331488"}],"version-history":[{"count":1,"href":"https:\/\/archive.sana.sy\/es\/index.php?rest_route=\/wp\/v2\/posts\/331488\/revisions"}],"predecessor-version":[{"id":331490,"href":"https:\/\/archive.sana.sy\/es\/index.php?rest_route=\/wp\/v2\/posts\/331488\/revisions\/331490"}],"wp:featuredmedia":[{"embeddable":true,"href":"https:\/\/archive.sana.sy\/es\/index.php?rest_route=\/wp\/v2\/media\/331489"}],"wp:attachment":[{"href":"https:\/\/archive.sana.sy\/es\/index.php?rest_route=%2Fwp%2Fv2%2Fmedia&parent=331488"}],"wp:term":[{"taxonomy":"category","embeddable":true,"href":"https:\/\/archive.sana.sy\/es\/index.php?rest_route=%2Fwp%2Fv2%2Fcategories&post=331488"},{"taxonomy":"post_tag","embeddable":true,"href":"https:\/\/archive.sana.sy\/es\/index.php?rest_route=%2Fwp%2Fv2%2Ftags&post=331488"}],"curies":[{"name":"wp","href":"https:\/\/api.w.org\/{rel}","templated":true}]}}