{"id":331520,"date":"2024-06-12T14:18:05","date_gmt":"2024-06-12T11:18:05","guid":{"rendered":"https:\/\/sana.sy\/es\/?p=331520"},"modified":"2024-06-12T14:18:27","modified_gmt":"2024-06-12T11:18:27","slug":"comision-de-investigacion-de-la-onu-israel-cometio-crimenes-de-guerra-y-genocidio-en-gaza","status":"publish","type":"post","link":"https:\/\/archive.sana.sy\/es\/?p=331520","title":{"rendered":"Comisi\u00f3n de Investigaci\u00f3n de la ONU: \u201cIsrael\u201d cometi\u00f3 cr\u00edmenes de guerra y genocidio en Gaza"},"content":{"rendered":"<p style=\"text-align: justify;\"><span style=\"color: #800000;\"><strong>Nueva York, 12 jun (SANA)<\/strong><\/span> La Comisi\u00f3n Internacional Independiente de Investigaci\u00f3n de las Naciones Unidas, que investiga los cr\u00edmenes cometidos en los territorios palestinos ocupados, confirm\u00f3 que el ocupante israel\u00ed cometi\u00f3 cr\u00edmenes de guerra en la Franja de Gaza.<\/p>\n<p style=\"text-align: justify;\">\u201cIsrael\u201d cometi\u00f3 cr\u00edmenes de guerra, incluido el crimen de genocidio contra los palestinos en Gaza, denunci\u00f3 el Comit\u00e9 de la ONU en un informe publicado hoy sobre las violaciones del derecho internacional y los cr\u00edmenes internacionales durante el per\u00edodo del 7 de octubre al 31 de diciembre de 2023.<\/p>\n<p style=\"text-align: justify;\">La Comisi\u00f3n pidi\u00f3 al ocupante israel\u00ed que detuviera inmediatamente su devastadora guerra en la Franja de Gaza, que caus\u00f3 un gran n\u00famero de muertos y heridos, y provoc\u00f3 el desplazamiento de m\u00e1s del 90 por ciento de la poblaci\u00f3n all\u00ed.<\/p>\n<p style=\"text-align: justify;\">El Ministerio de Salud palestino anunci\u00f3 que el n\u00famero de v\u00edctimas por la agresi\u00f3n del ocupante contra la Franja de Gaza desde el 7 de octubre pasado aument\u00f3 a 37.164 muertos y 84.832 heridos.<\/p>\n<p style=\"text-align: justify;\">fm\/as<\/p>\n","protected":false},"excerpt":{"rendered":"<p>Nueva York, 12 jun (SANA) La Comisi\u00f3n Internacional Independiente de Investigaci\u00f3n de las Naciones Unidas, que investiga los cr\u00edmenes cometidos en los territorios palestinos ocupados, confirm\u00f3 que el ocupante israel\u00ed cometi\u00f3 cr\u00edmenes de guerra en la Franja de Gaza. \u201cIsrael\u201d cometi\u00f3 cr\u00edmenes de guerra, incluido el crimen de genocidio contra los palestinos en Gaza, denunci\u00f3 &hellip;<\/p>\n","protected":false},"author":42,"featured_media":331522,"comment_status":"closed","ping_status":"closed","sticky":false,"template":"","format":"standard","meta":{"footnotes":""},"categories":[597,456,16687,20724,583],"tags":[],"class_list":["post-331520","post","type-post","status-publish","format-standard","has-post-thumbnail","","category-cinta-de-noticias","category-arabe-internacional-politica","category-internacionales","category-minuto-a-minuto","category-slide"],"_links":{"self":[{"href":"https:\/\/archive.sana.sy\/es\/index.php?rest_route=\/wp\/v2\/posts\/331520"}],"collection":[{"href":"https:\/\/archive.sana.sy\/es\/index.php?rest_route=\/wp\/v2\/posts"}],"about":[{"href":"https:\/\/archive.sana.sy\/es\/index.php?rest_route=\/wp\/v2\/types\/post"}],"author":[{"embeddable":true,"href":"https:\/\/archive.sana.sy\/es\/index.php?rest_route=\/wp\/v2\/users\/42"}],"replies":[{"embeddable":true,"href":"https:\/\/archive.sana.sy\/es\/index.php?rest_route=%2Fwp%2Fv2%2Fcomments&post=331520"}],"version-history":[{"count":1,"href":"https:\/\/archive.sana.sy\/es\/index.php?rest_route=\/wp\/v2\/posts\/331520\/revisions"}],"predecessor-version":[{"id":331523,"href":"https:\/\/archive.sana.sy\/es\/index.php?rest_route=\/wp\/v2\/posts\/331520\/revisions\/331523"}],"wp:featuredmedia":[{"embeddable":true,"href":"https:\/\/archive.sana.sy\/es\/index.php?rest_route=\/wp\/v2\/media\/331522"}],"wp:attachment":[{"href":"https:\/\/archive.sana.sy\/es\/index.php?rest_route=%2Fwp%2Fv2%2Fmedia&parent=331520"}],"wp:term":[{"taxonomy":"category","embeddable":true,"href":"https:\/\/archive.sana.sy\/es\/index.php?rest_route=%2Fwp%2Fv2%2Fcategories&post=331520"},{"taxonomy":"post_tag","embeddable":true,"href":"https:\/\/archive.sana.sy\/es\/index.php?rest_route=%2Fwp%2Fv2%2Ftags&post=331520"}],"curies":[{"name":"wp","href":"https:\/\/api.w.org\/{rel}","templated":true}]}}