{"id":331534,"date":"2024-06-12T15:06:49","date_gmt":"2024-06-12T12:06:49","guid":{"rendered":"https:\/\/sana.sy\/es\/?p=331534"},"modified":"2024-06-12T15:06:49","modified_gmt":"2024-06-12T12:06:49","slug":"arranca-en-damasco-la-ii-conferencia-de-inversiones-en-el-sector-electrico","status":"publish","type":"post","link":"https:\/\/archive.sana.sy\/es\/?p=331534","title":{"rendered":"Arranca en Damasco la II Conferencia de Inversiones en el sector el\u00e9ctrico"},"content":{"rendered":"<p style=\"text-align: justify;\"><span style=\"color: #800000;\"><strong>Damasco, 12 jun (SANA)<\/strong><\/span> La Segunda Conferencia de Inversi\u00f3n en el Sector El\u00e9ctrico comenz\u00f3 hoy en la Universidad de Damasco bajo el lema \u201cLa inversi\u00f3n en energ\u00edas renovables como motor impulsor del desarrollo sostenible en Siria\u201d.<\/p>\n<p style=\"text-align: justify;\">El evento cont\u00f3 con la presencia de los ministros de Electricidad, Ghassan Zamil, y de Industria, Abdul Kader Jukhadar.<\/p>\n<p style=\"text-align: justify;\">Los participantes en el evento discuten durante dos d\u00edas las fuentes disponibles de energ\u00eda renovable en Siria, las oportunidades de inversi\u00f3n para proyectos de energ\u00eda renovable y la participaci\u00f3n del sector privado en el campo de la generaci\u00f3n de electricidad.<\/p>\n<p style=\"text-align: justify;\">Asimismo, abordar\u00e1n amplio abanico de temas como los mecanismos de financiaci\u00f3n de proyectos de energ\u00edas renovables, los privilegios fiscales que se otorgan a la inversi\u00f3n en este campo, y las facilidades previstas para la importaci\u00f3n de equipos de energ\u00edas renovables.<\/p>\n<p style=\"text-align: justify;\">AS\/FM<\/p>\n","protected":false},"excerpt":{"rendered":"<p>Damasco, 12 jun (SANA) La Segunda Conferencia de Inversi\u00f3n en el Sector El\u00e9ctrico comenz\u00f3 hoy en la Universidad de Damasco bajo el lema \u201cLa inversi\u00f3n en energ\u00edas renovables como motor impulsor del desarrollo sostenible en Siria\u201d. El evento cont\u00f3 con la presencia de los ministros de Electricidad, Ghassan Zamil, y de Industria, Abdul Kader Jukhadar. &hellip;<\/p>\n","protected":false},"author":42,"featured_media":331535,"comment_status":"closed","ping_status":"closed","sticky":false,"template":"","format":"standard","meta":{"footnotes":""},"categories":[597,20724,16688,476,7541],"tags":[],"class_list":["post-331534","post","type-post","status-publish","format-standard","has-post-thumbnail","","category-cinta-de-noticias","category-minuto-a-minuto","category-nacionales","category-locales","category-ultimas-noticias"],"_links":{"self":[{"href":"https:\/\/archive.sana.sy\/es\/index.php?rest_route=\/wp\/v2\/posts\/331534"}],"collection":[{"href":"https:\/\/archive.sana.sy\/es\/index.php?rest_route=\/wp\/v2\/posts"}],"about":[{"href":"https:\/\/archive.sana.sy\/es\/index.php?rest_route=\/wp\/v2\/types\/post"}],"author":[{"embeddable":true,"href":"https:\/\/archive.sana.sy\/es\/index.php?rest_route=\/wp\/v2\/users\/42"}],"replies":[{"embeddable":true,"href":"https:\/\/archive.sana.sy\/es\/index.php?rest_route=%2Fwp%2Fv2%2Fcomments&post=331534"}],"version-history":[{"count":1,"href":"https:\/\/archive.sana.sy\/es\/index.php?rest_route=\/wp\/v2\/posts\/331534\/revisions"}],"predecessor-version":[{"id":331536,"href":"https:\/\/archive.sana.sy\/es\/index.php?rest_route=\/wp\/v2\/posts\/331534\/revisions\/331536"}],"wp:featuredmedia":[{"embeddable":true,"href":"https:\/\/archive.sana.sy\/es\/index.php?rest_route=\/wp\/v2\/media\/331535"}],"wp:attachment":[{"href":"https:\/\/archive.sana.sy\/es\/index.php?rest_route=%2Fwp%2Fv2%2Fmedia&parent=331534"}],"wp:term":[{"taxonomy":"category","embeddable":true,"href":"https:\/\/archive.sana.sy\/es\/index.php?rest_route=%2Fwp%2Fv2%2Fcategories&post=331534"},{"taxonomy":"post_tag","embeddable":true,"href":"https:\/\/archive.sana.sy\/es\/index.php?rest_route=%2Fwp%2Fv2%2Ftags&post=331534"}],"curies":[{"name":"wp","href":"https:\/\/api.w.org\/{rel}","templated":true}]}}