{"id":331537,"date":"2024-06-12T15:17:05","date_gmt":"2024-06-12T12:17:05","guid":{"rendered":"https:\/\/sana.sy\/es\/?p=331537"},"modified":"2024-06-12T15:47:59","modified_gmt":"2024-06-12T12:47:59","slug":"3000-ninos-en-gaza-estan-en-riesgo-de-muerte-advierte-la-unicef","status":"publish","type":"post","link":"https:\/\/archive.sana.sy\/es\/?p=331537","title":{"rendered":"3000 ni\u00f1os en Gaza est\u00e1n en riesgo de muerte, advierte la Unicef"},"content":{"rendered":"<p style=\"text-align: justify;\"><span style=\"color: #800000;\"><strong>Nueva York, 12 jun (SANA) <\/strong><\/span>El Fondo de las Naciones Unidas para la Infancia (Unicef) afirm\u00f3 que la vida de 3.000 ni\u00f1os est\u00e1 en peligro como resultado de la desnutrici\u00f3n y la falta de atenci\u00f3n m\u00e9dica debido a las agresiones israel\u00edes.<\/p>\n<p style=\"text-align: justify;\">La organizaci\u00f3n explic\u00f3 en un comunicado difundido por la agencia Wafa que la dificultad de entregar ayuda a los palestinos, especialmente en el sur de la Franja de Gaza, expone a m\u00e1s ni\u00f1os al riesgo de desnutrici\u00f3n.<\/p>\n<p style=\"text-align: justify;\">La directora regional de la Unicef para Oriente Medio y Norte de \u00c1frica, Adel Khader, dijo que \u201clas horribles im\u00e1genes que llegan de Gaza muestran a ni\u00f1os muriendo delante de sus familias por falta de alimentos y atenci\u00f3n sanitaria\u201d.<\/p>\n<p style=\"text-align: justify;\">Alert\u00f3 que la vida de estos ni\u00f1os corre riesgo si no se brinda atenci\u00f3n m\u00e9dica y tratamiento inmediato.<\/p>\n<p style=\"text-align: justify;\">Tambi\u00e9n, se\u00f1al\u00f3 la necesidad de presionar al ocupante israel\u00ed para que entregue ayuda a la Franja de Gaza y un alto el fuego inmediato.<\/p>\n<p style=\"text-align: justify;\">AS\/FM<\/p>\n","protected":false},"excerpt":{"rendered":"<p>Nueva York, 12 jun (SANA) El Fondo de las Naciones Unidas para la Infancia (Unicef) afirm\u00f3 que la vida de 3.000 ni\u00f1os est\u00e1 en peligro como resultado de la desnutrici\u00f3n y la falta de atenci\u00f3n m\u00e9dica debido a las agresiones israel\u00edes. La organizaci\u00f3n explic\u00f3 en un comunicado difundido por la agencia Wafa que la dificultad &hellip;<\/p>\n","protected":false},"author":42,"featured_media":331540,"comment_status":"closed","ping_status":"closed","sticky":false,"template":"","format":"standard","meta":{"footnotes":""},"categories":[597,456,16687,20724,583],"tags":[],"class_list":["post-331537","post","type-post","status-publish","format-standard","has-post-thumbnail","","category-cinta-de-noticias","category-arabe-internacional-politica","category-internacionales","category-minuto-a-minuto","category-slide"],"_links":{"self":[{"href":"https:\/\/archive.sana.sy\/es\/index.php?rest_route=\/wp\/v2\/posts\/331537"}],"collection":[{"href":"https:\/\/archive.sana.sy\/es\/index.php?rest_route=\/wp\/v2\/posts"}],"about":[{"href":"https:\/\/archive.sana.sy\/es\/index.php?rest_route=\/wp\/v2\/types\/post"}],"author":[{"embeddable":true,"href":"https:\/\/archive.sana.sy\/es\/index.php?rest_route=\/wp\/v2\/users\/42"}],"replies":[{"embeddable":true,"href":"https:\/\/archive.sana.sy\/es\/index.php?rest_route=%2Fwp%2Fv2%2Fcomments&post=331537"}],"version-history":[{"count":1,"href":"https:\/\/archive.sana.sy\/es\/index.php?rest_route=\/wp\/v2\/posts\/331537\/revisions"}],"predecessor-version":[{"id":331539,"href":"https:\/\/archive.sana.sy\/es\/index.php?rest_route=\/wp\/v2\/posts\/331537\/revisions\/331539"}],"wp:featuredmedia":[{"embeddable":true,"href":"https:\/\/archive.sana.sy\/es\/index.php?rest_route=\/wp\/v2\/media\/331540"}],"wp:attachment":[{"href":"https:\/\/archive.sana.sy\/es\/index.php?rest_route=%2Fwp%2Fv2%2Fmedia&parent=331537"}],"wp:term":[{"taxonomy":"category","embeddable":true,"href":"https:\/\/archive.sana.sy\/es\/index.php?rest_route=%2Fwp%2Fv2%2Fcategories&post=331537"},{"taxonomy":"post_tag","embeddable":true,"href":"https:\/\/archive.sana.sy\/es\/index.php?rest_route=%2Fwp%2Fv2%2Ftags&post=331537"}],"curies":[{"name":"wp","href":"https:\/\/api.w.org\/{rel}","templated":true}]}}