{"id":331542,"date":"2024-06-12T17:32:46","date_gmt":"2024-06-12T14:32:46","guid":{"rendered":"https:\/\/sana.sy\/es\/?p=331542"},"modified":"2024-06-12T17:38:52","modified_gmt":"2024-06-12T14:38:52","slug":"se-eleva-a-37-202-martires-cifra-de-las-victimas-de-las-continuas-barbaridades-israelies-en-gaza","status":"publish","type":"post","link":"https:\/\/archive.sana.sy\/es\/?p=331542","title":{"rendered":"Se eleva a 37.202 m\u00e1rtires, cifra de las v\u00edctimas de las continuas barbaridades israel\u00edes en Gaza"},"content":{"rendered":"<p style=\"text-align: justify\"><span style=\"color: #800000\"><strong>Jerusal\u00e9n ocupada, 12 jun (SANA)<\/strong> <\/span>El Ministerio de Salud palestino inform\u00f3 hoy que durante las \u00faltimas 24 horas, el ocupante israel\u00ed cometi\u00f3 3 masacres en la Franja de Gaza, la cuales se cobraron la vida de 38 palestinos y dejaron 100 heridos.<\/p>\n<p style=\"text-align: justify\">El balance total de v\u00edctimas que ha provocado la continua agresi\u00f3n israel\u00ed contra la Franja asediada ascendi\u00f3 a 37.202 m\u00e1rtires y 84.932 heridos, seg\u00fan indic\u00f3 el comunicado del ente de salud.<\/p>\n<p style=\"text-align: justify\">Durante el d\u00eda de hoy, decenas de palestinos resultaron muertos o heridos en redadas de la aviaci\u00f3n y artiller\u00eda del ocupante contra la zona de al-Mgharka en el centro del enclave, y el barrio de Zaitun al sureste de la ciudad de Gaza.<\/p>\n<p>&nbsp;<\/p>\n<p>la<\/p>\n<p style=\"text-align: justify\">\n","protected":false},"excerpt":{"rendered":"<p>Jerusal\u00e9n ocupada, 12 jun (SANA) El Ministerio de Salud palestino inform\u00f3 hoy que durante las \u00faltimas 24 horas, el ocupante israel\u00ed cometi\u00f3 3 masacres en la Franja de Gaza, la cuales se cobraron la vida de 38 palestinos y dejaron 100 heridos. El balance total de v\u00edctimas que ha provocado la continua agresi\u00f3n israel\u00ed contra &hellip;<\/p>\n","protected":false},"author":24,"featured_media":331543,"comment_status":"closed","ping_status":"closed","sticky":false,"template":"","format":"standard","meta":{"footnotes":""},"categories":[597,456,20724,583],"tags":[],"class_list":["post-331542","post","type-post","status-publish","format-standard","has-post-thumbnail","","category-cinta-de-noticias","category-arabe-internacional-politica","category-minuto-a-minuto","category-slide"],"_links":{"self":[{"href":"https:\/\/archive.sana.sy\/es\/index.php?rest_route=\/wp\/v2\/posts\/331542"}],"collection":[{"href":"https:\/\/archive.sana.sy\/es\/index.php?rest_route=\/wp\/v2\/posts"}],"about":[{"href":"https:\/\/archive.sana.sy\/es\/index.php?rest_route=\/wp\/v2\/types\/post"}],"author":[{"embeddable":true,"href":"https:\/\/archive.sana.sy\/es\/index.php?rest_route=\/wp\/v2\/users\/24"}],"replies":[{"embeddable":true,"href":"https:\/\/archive.sana.sy\/es\/index.php?rest_route=%2Fwp%2Fv2%2Fcomments&post=331542"}],"version-history":[{"count":2,"href":"https:\/\/archive.sana.sy\/es\/index.php?rest_route=\/wp\/v2\/posts\/331542\/revisions"}],"predecessor-version":[{"id":331545,"href":"https:\/\/archive.sana.sy\/es\/index.php?rest_route=\/wp\/v2\/posts\/331542\/revisions\/331545"}],"wp:featuredmedia":[{"embeddable":true,"href":"https:\/\/archive.sana.sy\/es\/index.php?rest_route=\/wp\/v2\/media\/331543"}],"wp:attachment":[{"href":"https:\/\/archive.sana.sy\/es\/index.php?rest_route=%2Fwp%2Fv2%2Fmedia&parent=331542"}],"wp:term":[{"taxonomy":"category","embeddable":true,"href":"https:\/\/archive.sana.sy\/es\/index.php?rest_route=%2Fwp%2Fv2%2Fcategories&post=331542"},{"taxonomy":"post_tag","embeddable":true,"href":"https:\/\/archive.sana.sy\/es\/index.php?rest_route=%2Fwp%2Fv2%2Ftags&post=331542"}],"curies":[{"name":"wp","href":"https:\/\/api.w.org\/{rel}","templated":true}]}}