{"id":331581,"date":"2024-06-13T12:35:36","date_gmt":"2024-06-13T09:35:36","guid":{"rendered":"https:\/\/sana.sy\/es\/?p=331581"},"modified":"2024-06-13T12:35:36","modified_gmt":"2024-06-13T09:35:36","slug":"las-defensas-aereas-rusas-destruyen-cuatro-drones-ucranianos-en-el-centro-de-rusia","status":"publish","type":"post","link":"https:\/\/archive.sana.sy\/es\/?p=331581","title":{"rendered":"Las defensas a\u00e9reas rusas destruyen cuatro drones ucranianos en el centro de Rusia"},"content":{"rendered":"<p style=\"text-align: justify;\"><span style=\"color: #800000;\"><strong>Mosc\u00fa, 13 jun (SANA)\u00a0<\/strong><\/span> \u00a0El Ministerio de Defensa ruso anunci\u00f3 que cuatro drones ucranianos fueron derribados sobre el territorio de las provincias de Yaroslavl y Vladimir en el centro de Rusia.<\/p>\n<p style=\"text-align: justify;\">&#8220;Nuestros sistemas de defensa a\u00e9rea frustraron varios intentos del r\u00e9gimen de Kiev de llevar a cabo ataques terroristas con drones contra instalaciones en el territorio de la Federaci\u00f3n Rusa, y cuatro drones fueron derribados, tres sobre la provincia de Yaroslavl y el cuarto sobre Vladimir\u201d, inform\u00f3 el ente castrense.<\/p>\n<p style=\"text-align: justify;\">A finales de marzo pasado, las defensas a\u00e9reas rusas derribaron tres aviones no tripulados ucranianos sobre la provincia de Yaroslavl.<\/p>\n<p style=\"text-align: justify;\">fm\/ed<\/p>\n","protected":false},"excerpt":{"rendered":"<p>Mosc\u00fa, 13 jun (SANA)\u00a0 \u00a0El Ministerio de Defensa ruso anunci\u00f3 que cuatro drones ucranianos fueron derribados sobre el territorio de las provincias de Yaroslavl y Vladimir en el centro de Rusia. &#8220;Nuestros sistemas de defensa a\u00e9rea frustraron varios intentos del r\u00e9gimen de Kiev de llevar a cabo ataques terroristas con drones contra instalaciones en el &hellip;<\/p>\n","protected":false},"author":32,"featured_media":331582,"comment_status":"closed","ping_status":"closed","sticky":false,"template":"","format":"standard","meta":{"footnotes":""},"categories":[597,456,20724,7541],"tags":[],"class_list":["post-331581","post","type-post","status-publish","format-standard","has-post-thumbnail","","category-cinta-de-noticias","category-arabe-internacional-politica","category-minuto-a-minuto","category-ultimas-noticias"],"_links":{"self":[{"href":"https:\/\/archive.sana.sy\/es\/index.php?rest_route=\/wp\/v2\/posts\/331581"}],"collection":[{"href":"https:\/\/archive.sana.sy\/es\/index.php?rest_route=\/wp\/v2\/posts"}],"about":[{"href":"https:\/\/archive.sana.sy\/es\/index.php?rest_route=\/wp\/v2\/types\/post"}],"author":[{"embeddable":true,"href":"https:\/\/archive.sana.sy\/es\/index.php?rest_route=\/wp\/v2\/users\/32"}],"replies":[{"embeddable":true,"href":"https:\/\/archive.sana.sy\/es\/index.php?rest_route=%2Fwp%2Fv2%2Fcomments&post=331581"}],"version-history":[{"count":1,"href":"https:\/\/archive.sana.sy\/es\/index.php?rest_route=\/wp\/v2\/posts\/331581\/revisions"}],"predecessor-version":[{"id":331583,"href":"https:\/\/archive.sana.sy\/es\/index.php?rest_route=\/wp\/v2\/posts\/331581\/revisions\/331583"}],"wp:featuredmedia":[{"embeddable":true,"href":"https:\/\/archive.sana.sy\/es\/index.php?rest_route=\/wp\/v2\/media\/331582"}],"wp:attachment":[{"href":"https:\/\/archive.sana.sy\/es\/index.php?rest_route=%2Fwp%2Fv2%2Fmedia&parent=331581"}],"wp:term":[{"taxonomy":"category","embeddable":true,"href":"https:\/\/archive.sana.sy\/es\/index.php?rest_route=%2Fwp%2Fv2%2Fcategories&post=331581"},{"taxonomy":"post_tag","embeddable":true,"href":"https:\/\/archive.sana.sy\/es\/index.php?rest_route=%2Fwp%2Fv2%2Ftags&post=331581"}],"curies":[{"name":"wp","href":"https:\/\/api.w.org\/{rel}","templated":true}]}}